{"id":14438,"date":"2018-08-24T08:07:12","date_gmt":"2018-08-24T07:07:12","guid":{"rendered":"http:\/\/k2info.w.uib.no\/?p=14438"},"modified":"2018-08-24T08:07:12","modified_gmt":"2018-08-24T07:07:12","slug":"issotl2018-toward-a-learning-culture","status":"publish","type":"post","link":"https:\/\/k2info.w.uib.no\/nb_no\/2018\/08\/24\/issotl2018-toward-a-learning-culture\/","title":{"rendered":"[:no]ISSOTL2018: Toward a learning culture [:en]ISSOTL2018: Towards a learning culture[:]"},"content":{"rendered":"<p>[:no]<a href=\"http:\/\/k2info.w.uib.no\/files\/2018\/08\/SoMe_Twitter_Profilbilde_3_ISSOTL18.png\"><img loading=\"lazy\" decoding=\"async\" class=\" wp-image-14439 alignleft\" src=\"http:\/\/k2info.w.uib.no\/files\/2018\/08\/SoMe_Twitter_Profilbilde_3_ISSOTL18.png\" alt=\"\" width=\"210\" height=\"210\" srcset=\"https:\/\/k2info.w.uib.no\/files\/2018\/08\/SoMe_Twitter_Profilbilde_3_ISSOTL18.png 400w, https:\/\/k2info.w.uib.no\/files\/2018\/08\/SoMe_Twitter_Profilbilde_3_ISSOTL18-150x150.png 150w, https:\/\/k2info.w.uib.no\/files\/2018\/08\/SoMe_Twitter_Profilbilde_3_ISSOTL18-300x300.png 300w\" sizes=\"auto, (max-width: 210px) 100vw, 210px\" \/><\/a>UiB arrangerer i 2018 den internasjonale l\u00e6ringskonferansen <strong>ISSOTL2018 Toward a learning culture\u00a0<\/strong>24.-27. Oktober, og inviterer ansatte til \u00e5 delta p\u00e5 en av konferansens <strong>pre-conference workshops <\/strong>kostnadsfritt. Siden UiB er vertskap for ISSOTL2018 vil dette tilbudet erstatte UiBs L\u00e6ringskonferanse i 2018. V\u00e6r oppmerksom p\u00e5 at det er begrenset antall plasser p\u00e5 hver workshop, og blir tildelt etter f\u00f8rst-til-m\u00f8lla-prinsippet.<\/p>\n<p>Konferansen hovedtema er Scholarship of Teaching and Learning (SOTL) &#8211; en forskende tiln\u00e6rming til undervisning og l\u00e6ring i h\u00f8yere utdanning.<br \/>\n<strong>24. oktober<\/strong> tilbys seks pre-conference workshops med ulike tema ledet av erfarne og dyktige internasjonale eksperter:<\/p>\n<p><strong>Formiddag<\/strong><br \/>\n* \u00a0\u00a0<strong>Get started with SOTL,<\/strong><em> Andrea Webb and Melanie Hamilton<\/em><br \/>\n* \u00a0\u00a0<strong>The SoTL Commons:<\/strong> <strong>Cultivating a SoTL Culture on Your Campus and Beyond,<\/strong> <em>Brian Smentkowski, Laura Cruz and Balbir Gurm<\/em><\/p>\n<p>* \u00a0\u00a0<strong>Using self-determination theory (SDT) to inform professional development, understand why active learning works, and foster the Scholarship of Teaching and Learning (SoTL),<\/strong> <em>Chantal Levesque-Bristol, Lucas Jeno and Vigdis Vandvik<\/em><\/p>\n<p><strong>Ettermiddag<\/strong><br \/>\n* \u00a0<strong>\u00a0Innovative methodological approaches to SOTL,<\/strong> <em>Stephen Bloch-Schulman, Peter Felten, Johan Geertsema, Yahlnaaw\/Aaron Grant and Heather Smith<\/em><br \/>\n* \u00a0\u00a0<strong>Writing for Publication in SOTL,<\/strong> <em>Mick Healey and Kelly Matthews<\/em><br \/>\n* \u00a0\u00a0<strong>International perspectives on engaging students in SoTL,<\/strong> <em>Lucy Mercer-Mapstone, Chris Ostrowski, Paul Taylor and Sophia Abbot<\/em><\/p>\n<p>Les mer om hver workshop p\u00e5 konferansens <a href=\"https:\/\/www.issotl.com\/issotl-2018-program#preconference\">programsider.<\/a><\/p>\n<p><strong>Meld deg p\u00e5 workshop <a href=\"https:\/\/skjemaker.app.uib.no\/view.php?id=5299666\">her.<\/a><\/strong><br \/>\nP\u00e5melding er bindende, og ved manglande oppm\u00f8te blir deltakerens enhet fakturert for kostnaden.<\/p>\n<p>Ved sp\u00f8rsm\u00e5l om workshop-deltakelse: kontakt <a href=\"mailto:kare.helleve@uib.no\">K\u00e5re Helleve.<\/a><\/p>\n<p>Du er ogs\u00e5 invitert til \u00e5 delta p\u00e5 hele konferansen.<\/p>\n<p>International Society for the Scholarship of Teaching and Learning<br \/>\n15th Annual Conference<br \/>\n\u201cToward a learning culture\u201d<br \/>\nOctober 24-27, 2018<br \/>\nBergen, Norway<br \/>\n<a href=\"https:\/\/www.issotl.com\/issotl-2018-conference\">https:\/\/www.issotl.com\/issotl-2018-conference<\/a><\/p>\n<p>Fristen for Early Bird <a href=\"https:\/\/www.issotl.com\/issotl-2018-conference-registration\">registrering<\/a> med lavere konferanseavgift er <strong>1. september, 2018.<\/strong><\/p>\n<p>Konferansen har et spennende og variert program med:<br \/>\n&#8211; 4 plenumsinnlegg<br \/>\n&#8211; 202 paper presentasjoner<br \/>\n&#8211; 28 parallelle workshops<br \/>\n&#8211; 15 paneldiskusjoner<br \/>\n&#8211; 10 postere<\/p>\n<p>Se fullt program <a href=\"https:\/\/www.issotl.com\/issotl-2018-program\">her<\/a>.[:en]<a href=\"http:\/\/k2info.w.uib.no\/files\/2018\/08\/SoMe_Twitter_Profilbilde_3_ISSOTL18.png\"><img loading=\"lazy\" decoding=\"async\" class=\" wp-image-14439 alignleft\" src=\"http:\/\/k2info.w.uib.no\/files\/2018\/08\/SoMe_Twitter_Profilbilde_3_ISSOTL18.png\" alt=\"\" width=\"227\" height=\"227\" srcset=\"https:\/\/k2info.w.uib.no\/files\/2018\/08\/SoMe_Twitter_Profilbilde_3_ISSOTL18.png 400w, https:\/\/k2info.w.uib.no\/files\/2018\/08\/SoMe_Twitter_Profilbilde_3_ISSOTL18-150x150.png 150w, https:\/\/k2info.w.uib.no\/files\/2018\/08\/SoMe_Twitter_Profilbilde_3_ISSOTL18-300x300.png 300w\" sizes=\"auto, (max-width: 227px) 100vw, 227px\" \/><\/a>In October 2018, UiB is hosting the annual conference for the <strong>International Society for the Scholarship of Teaching and Learning\u00a0<\/strong>(ISSOTL). Instead of offering our annual UiB Learning Conference, UiB wishes to invite our staff to participate in a <strong>pre-conference workshop\u00a0<\/strong>at ISSOTL \u2013 free of charge!<\/p>\n<p>The focus of the conference is the Scholarship of Teaching and Learning (SoTL): the process of undertaking systematic inquiry into our own teaching and our students\u2019 learning in higher education. The six pre-conference workshops, led by experienced scholars, take place <strong>October 24<sup>th<\/sup><\/strong>, and include:<\/p>\n<p><strong>Morning<\/strong><\/p>\n<ul>\n<li><strong>Get started with SOTL, <\/strong><em>Andrea Webb and Melanie Hamilton<\/em><\/li>\n<li><strong>The SoTL Commons: Cultivating a SoTL Culture on Your Campus and Beyond, <\/strong><em>Brian Smentkowski, Laura Cruz and Balbir Gurm<\/em><\/li>\n<li><strong>Using self-determination theory (SDT) to inform professional development, understand why active learning works, and foster the Scholarship of Teaching and Learning (SoTL), <\/strong><em>Chantal Levesque-Bristol, Lucas Jeno and Vigdis Vandvik<\/em><\/li>\n<\/ul>\n<p><strong>Afternoon<\/strong><\/p>\n<ul>\n<li><strong>Innovative methodological approaches to SOTL, <\/strong><em>Stephen Bloch-Schulman, Peter Felten, Johan Geertsema, Yahlnaaw\/Aaron Grant and Heather Smith<\/em><\/li>\n<li><strong>Writing for Publication in SOTL, <\/strong><em>Mick Healey and Kelly Matthews<\/em><\/li>\n<li><strong>International perspectives on engaging students in SoTL, <\/strong><em>Lucy Mercer-Mapstone, Chris Ostrowski, Paul Taylor and Sophia Abbot<\/em><\/li>\n<\/ul>\n<p>Read more about the workshops and the conference <a href=\"https:\/\/www.issotl.com\/issotl-2018-program#preconference\">here<\/a>.\u00a0<u><\/u><\/p>\n<p><strong>Register for one free workshop <a href=\"https:\/\/skjemaker.app.uib.no\/view.php?id=5299666\">here<\/a>.<br \/>\n<\/strong>Note: Registration is binding; your department or unit will be billed for no-shows.<\/p>\n<p><strong>Intrigued? Excited? Consider attending the whole conference <\/strong>\u2013 it is a rare opportunity in Bergen!<\/p>\n<p>Early Bird <a href=\"https:\/\/www.issotl.com\/issotl-2018-conference-registration\">registration<\/a> ends on <strong>September 1, 2018.\u00a0<\/strong><u><\/u><\/p>\n<p>Come and experience:<\/p>\n<ul>\n<li>4 plenary talks by Terje M\u00f8rland, Elizabeth Minnich, Renuka Vithal, and Torgny Rox\u00e5<\/li>\n<li>Over 200 papers presenting new research and visions for teaching and learning<\/li>\n<li>28 workshops demonstrating how to implement SoTL concepts and strategies<\/li>\n<li>14 panels offering multiple perspectives on SoTL issues<\/li>\n<li>100 posters displaying research findings and offering opportunities for interaction<\/li>\n<\/ul>\n<p>Preliminary program <a href=\"https:\/\/www.issotl.com\/issotl-2018-program\">here<\/a>.\u00a0<u><\/u><\/p>\n<p><u><\/u>Follow us on twitter: @issotl18<\/p>\n<p>&nbsp;<\/p>\n<p>&nbsp;[:]<\/p>\n","protected":false},"excerpt":{"rendered":"<p>[:no]UiB arrangerer i 2018 den internasjonale l\u00e6ringskonferansen ISSOTL2018 Toward a learning culture\u00a024.-27. Oktober, og inviterer ansatte til \u00e5 delta p\u00e5 en av konferansens pre-conference workshops kostnadsfritt. Siden UiB er vertskap for ISSOTL2018 vil dette tilbudet erstatte UiBs L\u00e6ringskonferanse i 2018.&hellip;<\/p>\n<p class=\"more-link-p\"><a class=\"more-link\" href=\"https:\/\/k2info.w.uib.no\/nb_no\/2018\/08\/24\/issotl2018-toward-a-learning-culture\/\">Read more &rarr;<\/a><\/p>\n","protected":false},"author":4186,"featured_media":0,"comment_status":"open","ping_status":"open","sticky":false,"template":"","format":"standard","meta":{"footnotes":""},"categories":[44,45498],"tags":[],"class_list":["post-14438","post","type-post","status-publish","format-standard","hentry","category-nyheter","category-seminar-kurs-og-konferanser"],"_links":{"self":[{"href":"https:\/\/k2info.w.uib.no\/nb_no\/wp-json\/wp\/v2\/posts\/14438","targetHints":{"allow":["GET"]}}],"collection":[{"href":"https:\/\/k2info.w.uib.no\/nb_no\/wp-json\/wp\/v2\/posts"}],"about":[{"href":"https:\/\/k2info.w.uib.no\/nb_no\/wp-json\/wp\/v2\/types\/post"}],"author":[{"embeddable":true,"href":"https:\/\/k2info.w.uib.no\/nb_no\/wp-json\/wp\/v2\/users\/4186"}],"replies":[{"embeddable":true,"href":"https:\/\/k2info.w.uib.no\/nb_no\/wp-json\/wp\/v2\/comments?post=14438"}],"version-history":[{"count":4,"href":"https:\/\/k2info.w.uib.no\/nb_no\/wp-json\/wp\/v2\/posts\/14438\/revisions"}],"predecessor-version":[{"id":14443,"href":"https:\/\/k2info.w.uib.no\/nb_no\/wp-json\/wp\/v2\/posts\/14438\/revisions\/14443"}],"wp:attachment":[{"href":"https:\/\/k2info.w.uib.no\/nb_no\/wp-json\/wp\/v2\/media?parent=14438"}],"wp:term":[{"taxonomy":"category","embeddable":true,"href":"https:\/\/k2info.w.uib.no\/nb_no\/wp-json\/wp\/v2\/categories?post=14438"},{"taxonomy":"post_tag","embeddable":true,"href":"https:\/\/k2info.w.uib.no\/nb_no\/wp-json\/wp\/v2\/tags?post=14438"}],"curies":[{"name":"wp","href":"https:\/\/api.w.org\/{rel}","templated":true}]}}