{"id":14300,"date":"2018-06-15T08:01:36","date_gmt":"2018-06-15T07:01:36","guid":{"rendered":"http:\/\/k2info.w.uib.no\/?p=14300"},"modified":"2018-06-15T10:50:08","modified_gmt":"2018-06-15T09:50:08","slug":"per-eystein-lonning-apnet-k-g-jebsen-senter","status":"publish","type":"post","link":"https:\/\/k2info.w.uib.no\/nb_no\/2018\/06\/15\/per-eystein-lonning-apnet-k-g-jebsen-senter\/","title":{"rendered":"[:no]Per Eystein L\u00f8nning \u00e5pnet K.G. Jebsen senter[:en]Per Eystein L\u00f8nning opened K.G. Jebsen senter[:]"},"content":{"rendered":"<p>[:no]<div id=\"attachment_14301\" style=\"width: 235px\" class=\"wp-caption alignleft\"><img loading=\"lazy\" decoding=\"async\" aria-describedby=\"caption-attachment-14301\" class=\"wp-image-14301 size-medium\" src=\"http:\/\/k2info.w.uib.no\/files\/2018\/06\/20180612_083832851_iOS-e1529055928912-225x300.jpg\" alt=\"\" width=\"225\" height=\"300\" srcset=\"https:\/\/k2info.w.uib.no\/files\/2018\/06\/20180612_083832851_iOS-e1529055928912-225x300.jpg 225w, https:\/\/k2info.w.uib.no\/files\/2018\/06\/20180612_083832851_iOS-e1529055928912-768x1024.jpg 768w, https:\/\/k2info.w.uib.no\/files\/2018\/06\/20180612_083832851_iOS-e1529055928912-624x832.jpg 624w\" sizes=\"auto, (max-width: 225px) 100vw, 225px\" \/><p id=\"caption-attachment-14301\" class=\"wp-caption-text\">Bildet viser Hans Petter Eikesdal, Anne Marie Haga og Per Eystein L\u00f8nning<\/p><\/div><\/p>\n<p><span style=\"color: #000000;font-family: Calibri;font-size: medium\">Professor L\u00f8nning \u00e5pnet denne uken K.G. Jebsen senter for genom-rettet kreftterapi.<\/span><\/p>\n<p><span style=\"color: #000000;font-family: Calibri;font-size: medium\">Vi gratulerer s\u00e5 masse og \u00f8nsker lykke til.<\/span>[:en]<div id=\"attachment_14301\" style=\"width: 235px\" class=\"wp-caption alignleft\"><img loading=\"lazy\" decoding=\"async\" aria-describedby=\"caption-attachment-14301\" class=\"wp-image-14301 size-medium\" src=\"http:\/\/k2info.w.uib.no\/files\/2018\/06\/20180612_083832851_iOS-e1529055928912-225x300.jpg\" alt=\"\" width=\"225\" height=\"300\" srcset=\"https:\/\/k2info.w.uib.no\/files\/2018\/06\/20180612_083832851_iOS-e1529055928912-225x300.jpg 225w, https:\/\/k2info.w.uib.no\/files\/2018\/06\/20180612_083832851_iOS-e1529055928912-768x1024.jpg 768w, https:\/\/k2info.w.uib.no\/files\/2018\/06\/20180612_083832851_iOS-e1529055928912-624x832.jpg 624w\" sizes=\"auto, (max-width: 225px) 100vw, 225px\" \/><p id=\"caption-attachment-14301\" class=\"wp-caption-text\">The picture shows Hans Petter Eikesdal, Anne Marie Haga and Per Eystein L\u00f8nning<\/p><\/div><\/p>\n<p><span lang=\"EN-US\"><span style=\"color: #000000;font-family: Calibri;font-size: medium\"><br \/>\nProfessor L\u00f8nning opened the K.G..Jebsen center for genom-directed cancer therapy this week.<\/span><\/span><\/p>\n<p><span lang=\"EN-US\"><span style=\"color: #000000;font-family: Calibri;font-size: medium\">The department congratulates him and wish him good luck.<\/span><\/span>[:]<\/p>\n","protected":false},"excerpt":{"rendered":"<p>[:no] Professor L\u00f8nning \u00e5pnet denne uken K.G. Jebsen senter for genom-rettet kreftterapi. Vi gratulerer s\u00e5 masse og \u00f8nsker lykke til.[:en] Professor L\u00f8nning opened the K.G..Jebsen center for genom-directed cancer therapy this week. The department congratulates him and wish him good&hellip;<\/p>\n<p class=\"more-link-p\"><a class=\"more-link\" href=\"https:\/\/k2info.w.uib.no\/nb_no\/2018\/06\/15\/per-eystein-lonning-apnet-k-g-jebsen-senter\/\">Read more &rarr;<\/a><\/p>\n","protected":false},"author":3656,"featured_media":0,"comment_status":"open","ping_status":"open","sticky":false,"template":"","format":"standard","meta":{"footnotes":""},"categories":[44],"tags":[],"class_list":["post-14300","post","type-post","status-publish","format-standard","hentry","category-nyheter"],"_links":{"self":[{"href":"https:\/\/k2info.w.uib.no\/nb_no\/wp-json\/wp\/v2\/posts\/14300","targetHints":{"allow":["GET"]}}],"collection":[{"href":"https:\/\/k2info.w.uib.no\/nb_no\/wp-json\/wp\/v2\/posts"}],"about":[{"href":"https:\/\/k2info.w.uib.no\/nb_no\/wp-json\/wp\/v2\/types\/post"}],"author":[{"embeddable":true,"href":"https:\/\/k2info.w.uib.no\/nb_no\/wp-json\/wp\/v2\/users\/3656"}],"replies":[{"embeddable":true,"href":"https:\/\/k2info.w.uib.no\/nb_no\/wp-json\/wp\/v2\/comments?post=14300"}],"version-history":[{"count":1,"href":"https:\/\/k2info.w.uib.no\/nb_no\/wp-json\/wp\/v2\/posts\/14300\/revisions"}],"predecessor-version":[{"id":14302,"href":"https:\/\/k2info.w.uib.no\/nb_no\/wp-json\/wp\/v2\/posts\/14300\/revisions\/14302"}],"wp:attachment":[{"href":"https:\/\/k2info.w.uib.no\/nb_no\/wp-json\/wp\/v2\/media?parent=14300"}],"wp:term":[{"taxonomy":"category","embeddable":true,"href":"https:\/\/k2info.w.uib.no\/nb_no\/wp-json\/wp\/v2\/categories?post=14300"},{"taxonomy":"post_tag","embeddable":true,"href":"https:\/\/k2info.w.uib.no\/nb_no\/wp-json\/wp\/v2\/tags?post=14300"}],"curies":[{"name":"wp","href":"https:\/\/api.w.org\/{rel}","templated":true}]}}