{"id":13882,"date":"2018-04-11T18:26:49","date_gmt":"2018-04-11T17:26:49","guid":{"rendered":"http:\/\/k2info.w.uib.no\/?p=13882"},"modified":"2018-04-11T18:31:26","modified_gmt":"2018-04-11T17:31:26","slug":"en-av-de-storste-internasjonale-konferansene-om-undervising-og-laering-i-hoyere-utdanning-kommer-til-bergen-24-27-oktober-2018","status":"publish","type":"post","link":"https:\/\/k2info.w.uib.no\/nb_no\/2018\/04\/11\/en-av-de-storste-internasjonale-konferansene-om-undervising-og-laering-i-hoyere-utdanning-kommer-til-bergen-24-27-oktober-2018\/","title":{"rendered":"[:no]Stor internasjonal konferanse om utdanning i Bergen 24-27 oktober 2018 &#8211; call for abstracts![:en]Large international conferences on teaching and learning in Bergen October 24th to 27th 2018 &#8211; call for abstracts![:]"},"content":{"rendered":"<p>[:no]Dette er den \u00e5rlige konferansen til \u00abThe International Society for Scholarship in Teaching and Learning\u00bb ISSOTL, og den samler ca. 500 undervisere og forskere fra hele verden. \u00a0\u201cScholarship in Teaching and Learning\u201d handler om \u00e5 ha en vitenskaplig tiln\u00e6rming til \u2018hva som virker\u2019 i undervsining og l\u00e6ring, og temaet for \u00e5rets konferanse er \u201c<strong>Toward a learning culture<\/strong>\u201d det er alts\u00e5 de kollegiale og kulturelle aspektene ved l\u00e6ring og utdanning som vil st\u00e5 i sentrum. \u00a0Dette er noe som vil interessere mange p\u00e5 UiB og i Norge nettopp n\u00e5, i Kvalitetsmeldingens tid!<\/p>\n<p>Her er det store muligheter for UiB-ansatte \u00e5 delta \u2013 bli inspirert, dele erfaringer, m\u00f8te andre undervisere eller forskere, fremme alt det fantastiske vi gj\u00f8r i Bergen ovenfor verden \u2026 i det hele tatt! \u00a0Du kan bidra med presentasjon eller poster, og delta i panel, workshop eller bare v\u00e6re deltager. Frist for \u00e5 levere inn abstract er <strong>8. april.<\/strong><\/p>\n<p><a href=\"http:\/\/www.issotl.com\/issotl15\/node\/239\">Les Call for proposals her <\/a><\/p>\n<p><a href=\"http:\/\/www.issotl.com\/issotl15\/node\/232\">Mer informasjon om ISSOTL18\u00a0her<\/a><\/p>\n<p><strong>God nyhet: UiB og noen av fakultetene* hjelper sogar til med konferanseavgiften! \u00a0Og det vil v\u00e6re studentstipender! <\/strong>[:en]This is the annual conference of &laquo;The International Society for Scholarship in Teaching and Learning&raquo; ISSOTL, and it collects approximately 500 teachers and researchers from around the world. &laquo;Scholarship in Teaching and Learning&raquo; is about having a scientific approach to &#8216;what works&#8217; in teaching and learning, and the theme of this year&#8217;s conference is <strong>Toward a learning culture<\/strong>. It is thus the collegial and cultural aspects of learning and education that will be in the center. This is something that will interest many at UiB and in Norway just now, in the era of Kvalitetsmeldingen!<\/p>\n<p>Here are great opportunities for UiB employees to participate &#8211; be inspired, share experiences, meet other teachers or researchers, promote all the wonderful stuff we do in Bergen to the world &#8230; you name it! You can contribute with a presentation or poster, and participate in the panel, workshop, or just be a participant. Deadline for submitting abstracts is <strong>8 April.<\/strong><\/p>\n<p><a href=\"http:\/\/www.issotl.com\/issotl15\/node\/239\">Read Call for proposals here<\/a><\/p>\n<p><a href=\"http:\/\/www.issotl.com\/issotl15\/node\/232\">More information about ISSOTL18 here<\/a><\/p>\n<p><strong>Good news: UiB and some of the faculties * are helping with the conference fee! And it will be student grants!<\/strong>[:]<\/p>\n","protected":false},"excerpt":{"rendered":"<p>[:no]Dette er den \u00e5rlige konferansen til \u00abThe International Society for Scholarship in Teaching and Learning\u00bb ISSOTL, og den samler ca. 500 undervisere og forskere fra hele verden. \u00a0\u201cScholarship in Teaching and Learning\u201d handler om \u00e5 ha en vitenskaplig tiln\u00e6rming til&hellip;<\/p>\n<p class=\"more-link-p\"><a class=\"more-link\" href=\"https:\/\/k2info.w.uib.no\/nb_no\/2018\/04\/11\/en-av-de-storste-internasjonale-konferansene-om-undervising-og-laering-i-hoyere-utdanning-kommer-til-bergen-24-27-oktober-2018\/\">Read more &rarr;<\/a><\/p>\n","protected":false},"author":4186,"featured_media":0,"comment_status":"open","ping_status":"open","sticky":false,"template":"","format":"standard","meta":{"footnotes":""},"categories":[45498],"tags":[],"class_list":["post-13882","post","type-post","status-publish","format-standard","hentry","category-seminar-kurs-og-konferanser"],"_links":{"self":[{"href":"https:\/\/k2info.w.uib.no\/nb_no\/wp-json\/wp\/v2\/posts\/13882","targetHints":{"allow":["GET"]}}],"collection":[{"href":"https:\/\/k2info.w.uib.no\/nb_no\/wp-json\/wp\/v2\/posts"}],"about":[{"href":"https:\/\/k2info.w.uib.no\/nb_no\/wp-json\/wp\/v2\/types\/post"}],"author":[{"embeddable":true,"href":"https:\/\/k2info.w.uib.no\/nb_no\/wp-json\/wp\/v2\/users\/4186"}],"replies":[{"embeddable":true,"href":"https:\/\/k2info.w.uib.no\/nb_no\/wp-json\/wp\/v2\/comments?post=13882"}],"version-history":[{"count":5,"href":"https:\/\/k2info.w.uib.no\/nb_no\/wp-json\/wp\/v2\/posts\/13882\/revisions"}],"predecessor-version":[{"id":13888,"href":"https:\/\/k2info.w.uib.no\/nb_no\/wp-json\/wp\/v2\/posts\/13882\/revisions\/13888"}],"wp:attachment":[{"href":"https:\/\/k2info.w.uib.no\/nb_no\/wp-json\/wp\/v2\/media?parent=13882"}],"wp:term":[{"taxonomy":"category","embeddable":true,"href":"https:\/\/k2info.w.uib.no\/nb_no\/wp-json\/wp\/v2\/categories?post=13882"},{"taxonomy":"post_tag","embeddable":true,"href":"https:\/\/k2info.w.uib.no\/nb_no\/wp-json\/wp\/v2\/tags?post=13882"}],"curies":[{"name":"wp","href":"https:\/\/api.w.org\/{rel}","templated":true}]}}