{"id":11453,"date":"2017-01-30T11:15:40","date_gmt":"2017-01-30T10:15:40","guid":{"rendered":"http:\/\/k2info.w.uib.no\/?p=11453"},"modified":"2017-01-30T11:15:40","modified_gmt":"2017-01-30T10:15:40","slug":"apning-av-senter-for-ernaering","status":"publish","type":"post","link":"https:\/\/k2info.w.uib.no\/nb_no\/2017\/01\/30\/apning-av-senter-for-ernaering\/","title":{"rendered":"[:no]\u00c5pning av senter for ern\u00e6ring[:en]Opening of Center for Nutrition[:]"},"content":{"rendered":"<p>[:no]Vi gratulerer med ny\u00e5pnet senter for ern\u00e6ring. Senteret er organisert under Klinisk Institutt 1. Se websiden for mer info:\u00a0<a href=\"http:\/\/www.uib.no\/ernaring\">http:\/\/www.uib.no\/ernaring<\/a><\/p>\n<p><div id=\"attachment_11454\" style=\"width: 635px\" class=\"wp-caption alignleft\"><a href=\"http:\/\/k2info.w.uib.no\/files\/2017\/01\/sss-e1485770190551.jpg\"><img loading=\"lazy\" decoding=\"async\" aria-describedby=\"caption-attachment-11454\" class=\"wp-image-11454 size-large\" src=\"http:\/\/k2info.w.uib.no\/files\/2017\/01\/sss-e1485770190551-1024x768.jpg\" alt=\"Professor G\u00fclen Arslan Lied, Leder for Senter for en\u00e6ring forteller her om det nye senteret. \" width=\"625\" height=\"469\" srcset=\"https:\/\/k2info.w.uib.no\/files\/2017\/01\/sss-e1485770190551-1024x768.jpg 1024w, https:\/\/k2info.w.uib.no\/files\/2017\/01\/sss-e1485770190551-300x225.jpg 300w, https:\/\/k2info.w.uib.no\/files\/2017\/01\/sss-e1485770190551-768x576.jpg 768w, https:\/\/k2info.w.uib.no\/files\/2017\/01\/sss-e1485770190551-624x468.jpg 624w, https:\/\/k2info.w.uib.no\/files\/2017\/01\/sss-e1485770190551.jpg 1632w\" sizes=\"auto, (max-width: 625px) 100vw, 625px\" \/><\/a><p id=\"caption-attachment-11454\" class=\"wp-caption-text\">Professor G\u00fclen Arslan Lied, Leder for Senter for en\u00e6ring forteller her om det nye senteret.<\/p><\/div>[:en]<\/p>\n<div class=\"tw-swapa\">\u00a0We congratulate newly opened center for nutrition. The center is orginized under Department of Clinical Medicine. See website for more info: http:\/\/www.uib.no\/ernaring.<\/div>\n<div class=\"tw-swapa\"><\/div>\n<div class=\"_Ejb\">\n<div id=\"tw-target\">\n<div id=\"tw-target-text-container\" class=\"tw-ta-container tw-nfl\">\n<div id=\"attachment_11454\" style=\"width: 1642px\" class=\"wp-caption alignleft\"><a href=\"http:\/\/k2info.w.uib.no\/files\/2017\/01\/sss-e1485770190551.jpg\"><img loading=\"lazy\" decoding=\"async\" aria-describedby=\"caption-attachment-11454\" class=\"size-full wp-image-11454\" src=\"http:\/\/k2info.w.uib.no\/files\/2017\/01\/sss-e1485770190551.jpg\" alt=\"Professor G\u00fclen Arslan Lied, Director of the Center for nutrition talks about the new center.\" width=\"1632\" height=\"1224\" srcset=\"https:\/\/k2info.w.uib.no\/files\/2017\/01\/sss-e1485770190551.jpg 1632w, https:\/\/k2info.w.uib.no\/files\/2017\/01\/sss-e1485770190551-300x225.jpg 300w, https:\/\/k2info.w.uib.no\/files\/2017\/01\/sss-e1485770190551-768x576.jpg 768w, https:\/\/k2info.w.uib.no\/files\/2017\/01\/sss-e1485770190551-1024x768.jpg 1024w, https:\/\/k2info.w.uib.no\/files\/2017\/01\/sss-e1485770190551-624x468.jpg 624w\" sizes=\"auto, (max-width: 1632px) 100vw, 1632px\" \/><\/a><p id=\"caption-attachment-11454\" class=\"wp-caption-text\">Professor G\u00fclen Arslan Lied, Director of the Center for nutrition talks about the new center.<\/p><\/div>\n<\/div>\n<\/div>\n<\/div>\n<p>[:]<\/p>\n","protected":false},"excerpt":{"rendered":"<p>[:no]Vi gratulerer med ny\u00e5pnet senter for ern\u00e6ring. Senteret er organisert under Klinisk Institutt 1. Se websiden for mer info:\u00a0http:\/\/www.uib.no\/ernaring [:en] \u00a0We congratulate newly opened center for nutrition. The center is orginized under Department of Clinical Medicine. See website for more&hellip;<\/p>\n<p class=\"more-link-p\"><a class=\"more-link\" href=\"https:\/\/k2info.w.uib.no\/nb_no\/2017\/01\/30\/apning-av-senter-for-ernaering\/\">Read more &rarr;<\/a><\/p>\n","protected":false},"author":3288,"featured_media":0,"comment_status":"open","ping_status":"open","sticky":false,"template":"","format":"standard","meta":{"footnotes":""},"categories":[44],"tags":[],"class_list":["post-11453","post","type-post","status-publish","format-standard","hentry","category-nyheter"],"_links":{"self":[{"href":"https:\/\/k2info.w.uib.no\/nb_no\/wp-json\/wp\/v2\/posts\/11453","targetHints":{"allow":["GET"]}}],"collection":[{"href":"https:\/\/k2info.w.uib.no\/nb_no\/wp-json\/wp\/v2\/posts"}],"about":[{"href":"https:\/\/k2info.w.uib.no\/nb_no\/wp-json\/wp\/v2\/types\/post"}],"author":[{"embeddable":true,"href":"https:\/\/k2info.w.uib.no\/nb_no\/wp-json\/wp\/v2\/users\/3288"}],"replies":[{"embeddable":true,"href":"https:\/\/k2info.w.uib.no\/nb_no\/wp-json\/wp\/v2\/comments?post=11453"}],"version-history":[{"count":1,"href":"https:\/\/k2info.w.uib.no\/nb_no\/wp-json\/wp\/v2\/posts\/11453\/revisions"}],"predecessor-version":[{"id":11455,"href":"https:\/\/k2info.w.uib.no\/nb_no\/wp-json\/wp\/v2\/posts\/11453\/revisions\/11455"}],"wp:attachment":[{"href":"https:\/\/k2info.w.uib.no\/nb_no\/wp-json\/wp\/v2\/media?parent=11453"}],"wp:term":[{"taxonomy":"category","embeddable":true,"href":"https:\/\/k2info.w.uib.no\/nb_no\/wp-json\/wp\/v2\/categories?post=11453"},{"taxonomy":"post_tag","embeddable":true,"href":"https:\/\/k2info.w.uib.no\/nb_no\/wp-json\/wp\/v2\/tags?post=11453"}],"curies":[{"name":"wp","href":"https:\/\/api.w.org\/{rel}","templated":true}]}}