{"id":11397,"date":"2017-01-18T08:46:14","date_gmt":"2017-01-18T07:46:14","guid":{"rendered":"http:\/\/k2info.w.uib.no\/?p=11397"},"modified":"2017-01-20T08:47:34","modified_gmt":"2017-01-20T07:47:34","slug":"apningsseminar-senter-for-ernaering-2","status":"publish","type":"post","link":"https:\/\/k2info.w.uib.no\/nb_no\/2017\/01\/18\/apningsseminar-senter-for-ernaering-2\/","title":{"rendered":"[:no]\u00c5pningsseminar \u2013 Senter for ern\u00e6ring[:en]Opening seminar \u2013 Senter for ern\u00e6ring[:]"},"content":{"rendered":"<p>[:no]<\/p>\n<p style=\"text-align: left\" align=\"center\">Klinisk institutt 1, Det medisinsk-odontologiske fakultetet, ved Universitetet i Bergen har gleden av \u00e5 invitere til \u00e5pningsseminar for nyopprettet Senter for ern\u00e6ring den 30.01.2017 kl.10-16, i store auditorium (4601), sentralblokken Haukeland Universitetssjukehus<\/p>\n<p style=\"text-align: left\" align=\"center\">P\u00e5melding her: <a href=\"https:\/\/skjemaker.app.uib.no\/view.php?id=2943419\"><span style=\"font-family: 'Times New Roman','serif'\">https:\/\/skjemaker.app.uib.no\/view.php?id=2943419<\/span><\/a><\/p>\n<p><a href=\"http:\/\/k2info.w.uib.no\/files\/2017\/01\/Invitasjon-til-\u00c5pningsseminar-nytt-Copy.docx\"><span style=\"color: #0066cc\">Les mer her<\/span><\/a>.[:en]We invite you to opening seminar for \u201cSenter for ern\u00e6ring\u201d<\/p>\n<p><strong>January 30th, at 10-16<\/strong><br \/>\nStore auditorium (4601), Haukeland Universitetssjukehus<\/p>\n<p>Register here:\u00a0 <a href=\"https:\/\/skjemaker.app.uib.no\/view.php?id=2943419\"><span style=\"color: #0066cc\">https:\/\/skjemaker.app.uib.no\/view.php?id=2943419<\/span><\/a><\/p>\n<p><a href=\"http:\/\/k2info.w.uib.no\/files\/2017\/01\/Invitasjon-til-\u00c5pningsseminar-nytt-Copy.docx\"><span style=\"color: #0066cc\">For more info.<\/span><\/a>[:]<\/p>\n","protected":false},"excerpt":{"rendered":"<p>[:no] Klinisk institutt 1, Det medisinsk-odontologiske fakultetet, ved Universitetet i Bergen har gleden av \u00e5 invitere til \u00e5pningsseminar for nyopprettet Senter for ern\u00e6ring den 30.01.2017 kl.10-16, i store auditorium (4601), sentralblokken Haukeland Universitetssjukehus P\u00e5melding her: https:\/\/skjemaker.app.uib.no\/view.php?id=2943419 Les mer her.[:en]We invite&hellip;<\/p>\n<p class=\"more-link-p\"><a class=\"more-link\" href=\"https:\/\/k2info.w.uib.no\/nb_no\/2017\/01\/18\/apningsseminar-senter-for-ernaering-2\/\">Read more &rarr;<\/a><\/p>\n","protected":false},"author":3288,"featured_media":0,"comment_status":"open","ping_status":"open","sticky":false,"template":"","format":"standard","meta":{"footnotes":""},"categories":[44],"tags":[],"class_list":["post-11397","post","type-post","status-publish","format-standard","hentry","category-nyheter"],"_links":{"self":[{"href":"https:\/\/k2info.w.uib.no\/nb_no\/wp-json\/wp\/v2\/posts\/11397","targetHints":{"allow":["GET"]}}],"collection":[{"href":"https:\/\/k2info.w.uib.no\/nb_no\/wp-json\/wp\/v2\/posts"}],"about":[{"href":"https:\/\/k2info.w.uib.no\/nb_no\/wp-json\/wp\/v2\/types\/post"}],"author":[{"embeddable":true,"href":"https:\/\/k2info.w.uib.no\/nb_no\/wp-json\/wp\/v2\/users\/3288"}],"replies":[{"embeddable":true,"href":"https:\/\/k2info.w.uib.no\/nb_no\/wp-json\/wp\/v2\/comments?post=11397"}],"version-history":[{"count":1,"href":"https:\/\/k2info.w.uib.no\/nb_no\/wp-json\/wp\/v2\/posts\/11397\/revisions"}],"predecessor-version":[{"id":11398,"href":"https:\/\/k2info.w.uib.no\/nb_no\/wp-json\/wp\/v2\/posts\/11397\/revisions\/11398"}],"wp:attachment":[{"href":"https:\/\/k2info.w.uib.no\/nb_no\/wp-json\/wp\/v2\/media?parent=11397"}],"wp:term":[{"taxonomy":"category","embeddable":true,"href":"https:\/\/k2info.w.uib.no\/nb_no\/wp-json\/wp\/v2\/categories?post=11397"},{"taxonomy":"post_tag","embeddable":true,"href":"https:\/\/k2info.w.uib.no\/nb_no\/wp-json\/wp\/v2\/tags?post=11397"}],"curies":[{"name":"wp","href":"https:\/\/api.w.org\/{rel}","templated":true}]}}