{"id":9893,"date":"2016-08-09T08:02:24","date_gmt":"2016-08-09T07:02:24","guid":{"rendered":"http:\/\/k2info.w.uib.no\/?p=9893"},"modified":"2016-08-11T09:25:09","modified_gmt":"2016-08-11T08:25:09","slug":"invitasjon-til-oppfolgingsmote-om-norpart-programmet-pa-uib","status":"publish","type":"post","link":"https:\/\/k2info.w.uib.no\/en\/2016\/08\/09\/invitasjon-til-oppfolgingsmote-om-norpart-programmet-pa-uib\/","title":{"rendered":"[:no]Invitasjon til oppf\u00f8lgingsm\u00f8te om NORPART-programmet p\u00e5 UiB[:en]Invitation to follow-up meeting about the NORPART programme at UiB[:]"},"content":{"rendered":"<p>[:no]M\u00f8tet er aktuelt for alle som planlegger \u00e5 s\u00f8ke prosjektst\u00f8tte med s\u00f8knadsfrist 5. september.<\/p>\n<p>Oppf\u00f8lgingsm\u00f8tet om NORPART-programmet holdes p\u00e5 Bergen Ressurssenter for Internasjonal Utvikling, Jekteviksbakken 31 (Juss 2). \u00a0Onsdag 15. juni fr\u00e5 10.00- 12.00.<\/p>\n<p>Tema for m\u00f8tet er hvilke momenter som kjennetegner en god s\u00f8knad, og vi h\u00e5per at m\u00f8tet kan v\u00e6re en hjelp til arbeidet med \u00e5 skrive s\u00f8knadene og bidra til at flest mulig av UiB-s\u00f8knadene blir innvilget st\u00f8tte.<\/p>\n<p>Plan for m\u00f8tet:<br \/>\n*Innledning og velkommen<br \/>\n*Presentasjon av programmet av Hilde Gran\u00e5s Kj\u00f8stvedt, seniorr\u00e5dgiver SIU<br \/>\n*Studieadministrative forhold som kan ha betydning for en s\u00f8knad, ved SA<br \/>\n*Diskusjon og utveksling av erfaringer s\u00e5 langt.<\/p>\n<p>P\u00e5melding innen 13. juni: <a href=\"https:\/\/skjemaker.app.uib.no\/view.php?id=2170199\" target=\"_blank\" rel=\"noreferrer\">https:\/\/skjemaker.app.uib.no\/view.php?id=2170199<\/a><\/p>\n<p>Med vennlig hilsen<br \/>\nHelge Bj\u00f8rlo og Ana Veronica Cordova[:en]The meeting is relevant\u00a0for anyone who plans to apply for\u00a0project funding (deadline 5 September).<\/p>\n<p>The follow-up meeting on the NORPART programme will be held at Bergen Resource Centre for International Development, Jekteviksbakken 31 (Juss 2). Wednesday 15 June from 10:00 &#8211; 12:00.<\/p>\n<p>The topic of the meeting is what characterizes a good application and we hope that the meeting can be a guide to writing the application and ensure that as many as possible of the UiB applications are granted support.<\/p>\n<p>Plan for the meeting:<br \/>\n*Introduction and welcome<br \/>\n*Presentation of the programme, Hilde Gran\u00e5s Kj\u00f8stvedt, senior adviser SIU<br \/>\n*Study Administrative Matters which may affect an application by SA<br \/>\n*Discussion and exchange of experiences so far.<\/p>\n<p>Registration by 13 June:<a href=\"https:\/\/skjemaker.app.uib.no\/view.php?id=2170199\" target=\"_blank\"> https:\/\/skjemaker.app.uib.no\/view.php?id=2170199<\/a><\/p>\n<p>Best regards<br \/>\nHelge Bj\u00f8rlo og Ana Veronica Cordova[:]<\/p>\n","protected":false},"excerpt":{"rendered":"<p>[:no]M\u00f8tet er aktuelt for alle som planlegger \u00e5 s\u00f8ke prosjektst\u00f8tte med s\u00f8knadsfrist 5. september. Oppf\u00f8lgingsm\u00f8tet om NORPART-programmet holdes p\u00e5 Bergen Ressurssenter for Internasjonal Utvikling, Jekteviksbakken 31 (Juss 2). \u00a0Onsdag 15. juni fr\u00e5 10.00- 12.00. Tema for m\u00f8tet er hvilke momenter&hellip;<\/p>\n<p class=\"more-link-p\"><a class=\"more-link\" href=\"https:\/\/k2info.w.uib.no\/en\/2016\/08\/09\/invitasjon-til-oppfolgingsmote-om-norpart-programmet-pa-uib\/\">Read more &rarr;<\/a><\/p>\n","protected":false},"author":3238,"featured_media":0,"comment_status":"open","ping_status":"open","sticky":false,"template":"","format":"standard","meta":{"footnotes":""},"categories":[44],"tags":[65020],"class_list":["post-9893","post","type-post","status-publish","format-standard","hentry","category-nyheter","tag-65020"],"_links":{"self":[{"href":"https:\/\/k2info.w.uib.no\/en\/wp-json\/wp\/v2\/posts\/9893","targetHints":{"allow":["GET"]}}],"collection":[{"href":"https:\/\/k2info.w.uib.no\/en\/wp-json\/wp\/v2\/posts"}],"about":[{"href":"https:\/\/k2info.w.uib.no\/en\/wp-json\/wp\/v2\/types\/post"}],"author":[{"embeddable":true,"href":"https:\/\/k2info.w.uib.no\/en\/wp-json\/wp\/v2\/users\/3238"}],"replies":[{"embeddable":true,"href":"https:\/\/k2info.w.uib.no\/en\/wp-json\/wp\/v2\/comments?post=9893"}],"version-history":[{"count":5,"href":"https:\/\/k2info.w.uib.no\/en\/wp-json\/wp\/v2\/posts\/9893\/revisions"}],"predecessor-version":[{"id":9915,"href":"https:\/\/k2info.w.uib.no\/en\/wp-json\/wp\/v2\/posts\/9893\/revisions\/9915"}],"wp:attachment":[{"href":"https:\/\/k2info.w.uib.no\/en\/wp-json\/wp\/v2\/media?parent=9893"}],"wp:term":[{"taxonomy":"category","embeddable":true,"href":"https:\/\/k2info.w.uib.no\/en\/wp-json\/wp\/v2\/categories?post=9893"},{"taxonomy":"post_tag","embeddable":true,"href":"https:\/\/k2info.w.uib.no\/en\/wp-json\/wp\/v2\/tags?post=9893"}],"curies":[{"name":"wp","href":"https:\/\/api.w.org\/{rel}","templated":true}]}}