{"id":7135,"date":"2015-09-18T08:54:57","date_gmt":"2015-09-18T07:54:57","guid":{"rendered":"http:\/\/k2info.w.uib.no\/?p=7135"},"modified":"2015-10-01T08:32:07","modified_gmt":"2015-10-01T07:32:07","slug":"husk-undervisningsdagene","status":"publish","type":"post","link":"https:\/\/k2info.w.uib.no\/en\/2015\/09\/18\/husk-undervisningsdagene\/","title":{"rendered":"[:no]Husk undervisningsdagen(e)[:en]Remember Teaching Day(s)[:]"},"content":{"rendered":"<p>[:no]N\u00e5 kan man melde seg p\u00e5 K1 og K2s felles undervisningsdager!<br \/>\nK1 og K2 har mye felles undervisning og i \u00e5r sl\u00e5r vi sammen undervisningsdagene.\u00a0\u00a0Dette blir 2 halve dager, 1. og 14. oktober.<br \/>\nVi oppfordrer\u00a0alle K1 og K2 sine undervisere og\u00a0alle i studieadministrasjonen til \u00e5 holde av datoene. (Start kl. 09.00 og avsluttes\u00a0med lunsj.)\u00a0 P\u00e5meldingsfrist 20. september.<\/p>\n<p><a href=\"http:\/\/k2info.w.uib.no\/files\/2015\/08\/AEndelig-Program-for-undervisningsdag-K1-K2-Aug.docx\" target=\"_blank\">Program<\/a><\/p>\n<p><a href=\"https:\/\/www.survey-xact.no\/LinkCollector?key=ZA3RY5ERC51P\" target=\"_blank\">Link til p\u00e5melding<\/a>[:en]You can now sign up for K1 and K2s joint education days! K1 and K2 have a lot of teaching together, and this year we joint each other for teaching days. The teaching days will be 2 half days, the 1st and 14th of October. We encourage all teachers at K1 and K2 all the study administration to hold the dates. (Starts at.9 am and ends with lunch.) Registration deadline 20 September.<\/p>\n<p><a href=\"http:\/\/k2info.w.uib.no\/files\/2015\/08\/AEndelig-Program-for-undervisningsdag-K1-K2-Aug.docx\" target=\"_blank\">Program<\/a><\/p>\n<p><a href=\"https:\/\/www.survey-xact.no\/LinkCollector?key=ZA3RY5ERC51P\" target=\"_blank\">Registration link<\/a>[:]<\/p>\n","protected":false},"excerpt":{"rendered":"<p>[:no]N\u00e5 kan man melde seg p\u00e5 K1 og K2s felles undervisningsdager! K1 og K2 har mye felles undervisning og i \u00e5r sl\u00e5r vi sammen undervisningsdagene.\u00a0\u00a0Dette blir 2 halve dager, 1. og 14. oktober. Vi oppfordrer\u00a0alle K1 og K2 sine undervisere&hellip;<\/p>\n<p class=\"more-link-p\"><a class=\"more-link\" href=\"https:\/\/k2info.w.uib.no\/en\/2015\/09\/18\/husk-undervisningsdagene\/\">Read more &rarr;<\/a><\/p>\n","protected":false},"author":2783,"featured_media":0,"comment_status":"open","ping_status":"open","sticky":false,"template":"","format":"standard","meta":{"footnotes":""},"categories":[44],"tags":[64949,64950,64951,64952],"class_list":["post-7135","post","type-post","status-publish","format-standard","hentry","category-nyheter","tag-64949","tag-64950","tag-64951","tag-64952"],"_links":{"self":[{"href":"https:\/\/k2info.w.uib.no\/en\/wp-json\/wp\/v2\/posts\/7135","targetHints":{"allow":["GET"]}}],"collection":[{"href":"https:\/\/k2info.w.uib.no\/en\/wp-json\/wp\/v2\/posts"}],"about":[{"href":"https:\/\/k2info.w.uib.no\/en\/wp-json\/wp\/v2\/types\/post"}],"author":[{"embeddable":true,"href":"https:\/\/k2info.w.uib.no\/en\/wp-json\/wp\/v2\/users\/2783"}],"replies":[{"embeddable":true,"href":"https:\/\/k2info.w.uib.no\/en\/wp-json\/wp\/v2\/comments?post=7135"}],"version-history":[{"count":10,"href":"https:\/\/k2info.w.uib.no\/en\/wp-json\/wp\/v2\/posts\/7135\/revisions"}],"predecessor-version":[{"id":7319,"href":"https:\/\/k2info.w.uib.no\/en\/wp-json\/wp\/v2\/posts\/7135\/revisions\/7319"}],"wp:attachment":[{"href":"https:\/\/k2info.w.uib.no\/en\/wp-json\/wp\/v2\/media?parent=7135"}],"wp:term":[{"taxonomy":"category","embeddable":true,"href":"https:\/\/k2info.w.uib.no\/en\/wp-json\/wp\/v2\/categories?post=7135"},{"taxonomy":"post_tag","embeddable":true,"href":"https:\/\/k2info.w.uib.no\/en\/wp-json\/wp\/v2\/tags?post=7135"}],"curies":[{"name":"wp","href":"https:\/\/api.w.org\/{rel}","templated":true}]}}