{"id":7099,"date":"2015-08-21T12:29:19","date_gmt":"2015-08-21T11:29:19","guid":{"rendered":"http:\/\/k2info.w.uib.no\/?p=7099"},"modified":"2015-08-21T12:30:33","modified_gmt":"2015-08-21T11:30:33","slug":"vel-overstatt-sommer","status":"publish","type":"post","link":"https:\/\/k2info.w.uib.no\/en\/2015\/08\/21\/vel-overstatt-sommer\/","title":{"rendered":"[:no]Vel overst\u00e5tt sommer![:en]Welcome back![:]"},"content":{"rendered":"<p>[:no]<a href=\"http:\/\/k2info.w.uib.no\/files\/2015\/06\/Per-Bakke.jpg\"><img loading=\"lazy\" decoding=\"async\" class=\" size-medium wp-image-6999 alignleft\" src=\"http:\/\/k2info.w.uib.no\/files\/2015\/06\/Per-Bakke-240x300.jpg\" alt=\"Per Bakke\" width=\"240\" height=\"300\" srcset=\"https:\/\/k2info.w.uib.no\/files\/2015\/06\/Per-Bakke-240x300.jpg 240w, https:\/\/k2info.w.uib.no\/files\/2015\/06\/Per-Bakke-819x1024.jpg 819w, https:\/\/k2info.w.uib.no\/files\/2015\/06\/Per-Bakke.jpg 1410w\" sizes=\"auto, (max-width: 240px) 100vw, 240px\" \/><\/a>Vel overst\u00e5tt sommer! Jeg h\u00e5per folk har f\u00e5tt anledning til \u00e5 lade batteriene og er klare til ny frisk i h\u00f8st. Siden sist har instituttet f\u00e5tt ny administrasjonssjef, Julie Stavnes. Hun kommer fra oljeindustrien, og vil kunne se p\u00e5 instituttadministrasjonen med friske \u00f8yne. En n\u00e6rmere presentasjon av henne finnes annet sted i dette nummer. Eva Gerdts har gitt seg som studieleder etter en kjempeinnsats over flere \u00e5r, og erstattes av Jone Trovik fra gyn\/obs milj\u00f8et.<\/p>\n<p>I h\u00f8st er det flere viktige saker for instituttet. Den n\u00e5v\u00e6rende strategiplanen for K2 utl\u00f8per i \u00e5r. Vi m\u00e5 evaluere i hvor stor grad vi har n\u00e5dd de m\u00e5lene vi satte og ikke minst utarbeide en ny. K2- organisasjonen vil bli justert. Implementeringen av den nye studieplanen i medisin skal gjennomf\u00f8res. Satsingen p\u00e5 s\u00f8knader til eksterne prosjekter m\u00e5 stimuleres. Ikke minst er den stramme \u00f8konomien et tema. Der kan jeg melde at K2-\u00f8konomien er i bedring. Disse og flere saker kommer jeg tilbake til etter hvert.<br \/>\nPer[:en]<a href=\"http:\/\/k2info.w.uib.no\/files\/2015\/06\/Per-Bakke.jpg\"><img loading=\"lazy\" decoding=\"async\" class=\" size-medium wp-image-6999 alignleft\" src=\"http:\/\/k2info.w.uib.no\/files\/2015\/06\/Per-Bakke-240x300.jpg\" alt=\"Per Bakke\" width=\"240\" height=\"300\" srcset=\"https:\/\/k2info.w.uib.no\/files\/2015\/06\/Per-Bakke-240x300.jpg 240w, https:\/\/k2info.w.uib.no\/files\/2015\/06\/Per-Bakke-819x1024.jpg 819w, https:\/\/k2info.w.uib.no\/files\/2015\/06\/Per-Bakke.jpg 1410w\" sizes=\"auto, (max-width: 240px) 100vw, 240px\" \/><\/a>I hope you all had a nice summer, and that you have had the chance to recharge your batteries and are ready for new achievements this autumn.<br \/>\nThe department has a new administration manager, Julie Stavnes. She used to work in the oil industry, and will be able to see the department administration with fresh eyes. A detailed presentation of her can be found elsewhere in this issue.<br \/>\nEva Gerdts has resigned as program coordinator after putting in a huge effort over several years, and is replaced by Jone Trovik from the gyn \/ obs environment.<\/p>\n<p>This autumn there are several important issues for the department. The current strategic plan for K2 expires this year. We need to evaluate to what extent we have reached the goals we set and, not least, prepare a new one. The K2 organization will be adjusted.<br \/>\nThe implementation of the new curriculum in medicine is to be implemented.<br \/>\nThe focus on applications for external projects must be encouraged.<br \/>\nAnd not least the tight economy is a theme.I report that K2&#8217;s economy is improving. I will come backk to these and other matters later.<br \/>\nPer[:]<\/p>\n","protected":false},"excerpt":{"rendered":"<p>[:no]Vel overst\u00e5tt sommer! Jeg h\u00e5per folk har f\u00e5tt anledning til \u00e5 lade batteriene og er klare til ny frisk i h\u00f8st. Siden sist har instituttet f\u00e5tt ny administrasjonssjef, Julie Stavnes. Hun kommer fra oljeindustrien, og vil kunne se p\u00e5 instituttadministrasjonen&hellip;<\/p>\n<p class=\"more-link-p\"><a class=\"more-link\" href=\"https:\/\/k2info.w.uib.no\/en\/2015\/08\/21\/vel-overstatt-sommer\/\">Read more &rarr;<\/a><\/p>\n","protected":false},"author":3238,"featured_media":0,"comment_status":"open","ping_status":"open","sticky":false,"template":"","format":"standard","meta":{"footnotes":""},"categories":[44,39969],"tags":[64947],"class_list":["post-7099","post","type-post","status-publish","format-standard","hentry","category-nyheter","category-ukens-leder","tag-64947"],"_links":{"self":[{"href":"https:\/\/k2info.w.uib.no\/en\/wp-json\/wp\/v2\/posts\/7099","targetHints":{"allow":["GET"]}}],"collection":[{"href":"https:\/\/k2info.w.uib.no\/en\/wp-json\/wp\/v2\/posts"}],"about":[{"href":"https:\/\/k2info.w.uib.no\/en\/wp-json\/wp\/v2\/types\/post"}],"author":[{"embeddable":true,"href":"https:\/\/k2info.w.uib.no\/en\/wp-json\/wp\/v2\/users\/3238"}],"replies":[{"embeddable":true,"href":"https:\/\/k2info.w.uib.no\/en\/wp-json\/wp\/v2\/comments?post=7099"}],"version-history":[{"count":3,"href":"https:\/\/k2info.w.uib.no\/en\/wp-json\/wp\/v2\/posts\/7099\/revisions"}],"predecessor-version":[{"id":7102,"href":"https:\/\/k2info.w.uib.no\/en\/wp-json\/wp\/v2\/posts\/7099\/revisions\/7102"}],"wp:attachment":[{"href":"https:\/\/k2info.w.uib.no\/en\/wp-json\/wp\/v2\/media?parent=7099"}],"wp:term":[{"taxonomy":"category","embeddable":true,"href":"https:\/\/k2info.w.uib.no\/en\/wp-json\/wp\/v2\/categories?post=7099"},{"taxonomy":"post_tag","embeddable":true,"href":"https:\/\/k2info.w.uib.no\/en\/wp-json\/wp\/v2\/tags?post=7099"}],"curies":[{"name":"wp","href":"https:\/\/api.w.org\/{rel}","templated":true}]}}