{"id":6998,"date":"2015-06-19T12:35:30","date_gmt":"2015-06-19T11:35:30","guid":{"rendered":"http:\/\/k2info.w.uib.no\/?p=6998"},"modified":"2015-06-19T12:35:30","modified_gmt":"2015-06-19T11:35:30","slug":"god-sommer","status":"publish","type":"post","link":"https:\/\/k2info.w.uib.no\/en\/2015\/06\/19\/god-sommer\/","title":{"rendered":"<!--:no-->God Sommer!<!--:--><!--:en-->Happy summer!<!--:-->"},"content":{"rendered":"<p><!--:no--><\/p>\n<p style=\"text-align: left\">D<img loading=\"lazy\" decoding=\"async\" class=\"size-medium wp-image-6999 alignleft\" src=\"http:\/\/k2info.w.uib.no\/files\/2015\/06\/Per-Bakke-240x300.jpg\" alt=\"Per Bakke\" width=\"240\" height=\"300\" srcset=\"https:\/\/k2info.w.uib.no\/files\/2015\/06\/Per-Bakke-240x300.jpg 240w, https:\/\/k2info.w.uib.no\/files\/2015\/06\/Per-Bakke-819x1024.jpg 819w, https:\/\/k2info.w.uib.no\/files\/2015\/06\/Per-Bakke.jpg 1410w\" sizes=\"auto, (max-width: 240px) 100vw, 240px\" \/>et stunder mot sommer og dette blir siste K2Nytt f\u00f8r ferien. Det har v\u00e6rt et hektisk halv-\u00e5r. P\u00e5 forskningsfronten skal det trekkes frem at K2 siden 2014 er det instituttet p\u00e5 U\u00ecB med flest EU- s\u00f8knader, 24 i tallet, hvorav 5 hittil har f\u00e5tt tilslag og 1 av dem er et koordinatorprosjekt, det eneste p\u00e5 UiB. Fortsatt avventer vi resultatet p\u00e5 11 av s\u00f8knadene Det viser at det nytter \u00e5 s\u00f8ke EU.<\/p>\n<p style=\"text-align: left\">P\u00e5 undervisningssiden har arbeidet med ny studieplan i medisin v\u00e6rt sentralt. Her er det fortsatt mye arbeid som gjenst\u00e5r. Det skal ogs\u00e5 nevnes at farmasistudiet har jobbet med \u00e5 f\u00e5 p\u00e5 plass undervisning i galenisk farmasi, som starter til h\u00f8sten.<\/p>\n<p style=\"text-align: left\">\u00d8konomisk er det stramt, men vi holder budsjettet og det er en realistisk plan om \u00e5 betale ned gjelden v\u00e5r p\u00e5 ca kr 3 millioner i l\u00f8pet av noen \u00e5r.<\/p>\n<p>Stikkord for viktige saker til h\u00f8sten er ny organisering av K2, arbeid med ny strategi for instituttet, samt ikke minst den nye studieplan i tillegg til fokus p\u00e5 eksterne forskningsmidler. Men n\u00e5 er det en velfortjent ferie om hj\u00f8rnet. Takk for innsatsen alle sammen og God Sommer!<\/p>\n<p> Per \u00a0\u00a0\u00a0<\/p>\n<p><!--:--><!--:en--><\/p>\n<p>Summ<img loading=\"lazy\" decoding=\"async\" class=\"size-medium wp-image-6999 alignleft\" src=\"http:\/\/k2info.w.uib.no\/files\/2015\/06\/Per-Bakke-240x300.jpg\" alt=\"Per Bakke\" width=\"240\" height=\"300\" srcset=\"https:\/\/k2info.w.uib.no\/files\/2015\/06\/Per-Bakke-240x300.jpg 240w, https:\/\/k2info.w.uib.no\/files\/2015\/06\/Per-Bakke-819x1024.jpg 819w, https:\/\/k2info.w.uib.no\/files\/2015\/06\/Per-Bakke.jpg 1410w\" sizes=\"auto, (max-width: 240px) 100vw, 240px\" \/>er is approaching and this is the last K2Nytt before the holiday. It has been a hectic half-year. When it comes to research, it should be mentioned that K2 since 2014 is the department at UiB with most EU applications, the number is 24, out of which 5 have been granted, one of them a coordinator project, the only one at UiB. We are still awaiting results on 11 of the applications. This shows that EU applications are worthwhile.<\/p>\n<p>When it comes to teaching, the work on the new curriculum in medicine has been central. There is still much work to be done. It should also be noted that the pharmacy study has worked towards beginning an education in galenic pharmacy, which will start this fall.<\/p>\n<p>Economically things are tight, but we keep to the budget and there is a realistic plan to pay down our debt of approximately NOK 3 million within a few years.<\/p>\n<p>Various important issues this fall are a new organization of K2, work on a new strategy for the department, and not least the new curriculum in addition to focusing on external funding. But now it&#8217;s a well-deserved vacation around the corner. Thank you all for your efforts, and have a Great Summer!<\/p>\n<p>Per<\/p>\n<p><!--:--><\/p>","protected":false},"excerpt":{"rendered":"<p>Det stunder mot sommer og dette blir siste K2Nytt f\u00f8r ferien. Det har v\u00e6rt et hektisk halv-\u00e5r. P\u00e5 forskningsfronten skal det trekkes frem at K2 siden 2014 er det instituttet p\u00e5 U\u00ecB med flest EU- s\u00f8knader, 24 i tallet, hvorav&hellip;<\/p>\n<p class=\"more-link-p\"><a class=\"more-link\" href=\"https:\/\/k2info.w.uib.no\/en\/2015\/06\/19\/god-sommer\/\">Read more &rarr;<\/a><\/p>","protected":false},"author":3238,"featured_media":0,"comment_status":"open","ping_status":"open","sticky":false,"template":"","format":"standard","meta":{"footnotes":""},"categories":[44,39969],"tags":[64946],"class_list":["post-6998","post","type-post","status-publish","format-standard","hentry","category-nyheter","category-ukens-leder","tag-64946"],"_links":{"self":[{"href":"https:\/\/k2info.w.uib.no\/en\/wp-json\/wp\/v2\/posts\/6998","targetHints":{"allow":["GET"]}}],"collection":[{"href":"https:\/\/k2info.w.uib.no\/en\/wp-json\/wp\/v2\/posts"}],"about":[{"href":"https:\/\/k2info.w.uib.no\/en\/wp-json\/wp\/v2\/types\/post"}],"author":[{"embeddable":true,"href":"https:\/\/k2info.w.uib.no\/en\/wp-json\/wp\/v2\/users\/3238"}],"replies":[{"embeddable":true,"href":"https:\/\/k2info.w.uib.no\/en\/wp-json\/wp\/v2\/comments?post=6998"}],"version-history":[{"count":2,"href":"https:\/\/k2info.w.uib.no\/en\/wp-json\/wp\/v2\/posts\/6998\/revisions"}],"predecessor-version":[{"id":7001,"href":"https:\/\/k2info.w.uib.no\/en\/wp-json\/wp\/v2\/posts\/6998\/revisions\/7001"}],"wp:attachment":[{"href":"https:\/\/k2info.w.uib.no\/en\/wp-json\/wp\/v2\/media?parent=6998"}],"wp:term":[{"taxonomy":"category","embeddable":true,"href":"https:\/\/k2info.w.uib.no\/en\/wp-json\/wp\/v2\/categories?post=6998"},{"taxonomy":"post_tag","embeddable":true,"href":"https:\/\/k2info.w.uib.no\/en\/wp-json\/wp\/v2\/tags?post=6998"}],"curies":[{"name":"wp","href":"https:\/\/api.w.org\/{rel}","templated":true}]}}