{"id":6550,"date":"2015-05-08T10:28:02","date_gmt":"2015-05-08T09:28:02","guid":{"rendered":"http:\/\/k2info.w.uib.no\/?p=6550"},"modified":"2015-05-08T13:50:00","modified_gmt":"2015-05-08T12:50:00","slug":"arealer","status":"publish","type":"post","link":"https:\/\/k2info.w.uib.no\/en\/2015\/05\/08\/arealer\/","title":{"rendered":"<!--:no-->Arealer<!--:--><!--:en-->Area<!--:-->"},"content":{"rendered":"<p><!--:no--><\/p>\n<p><a href=\"http:\/\/k2info.w.uib.no\/en\/files\/2015\/05\/Eystein-2.jpg\/\"><img loading=\"lazy\" decoding=\"async\" class=\"alignleft size-thumbnail wp-image-6568\" src=\"http:\/\/k2info.w.uib.no\/files\/2015\/05\/Eystein-2-150x150.jpg\" alt=\"Eystein 2\" width=\"150\" height=\"150\" \/><\/a>Ledelsen setter n\u00e5 nok en gang fokus p\u00e5 arealutnyttelse i laboratoriebygget. Bakgrunnen er at nye grupper \u00f8nsker \u00e5 f\u00e5 plass her samt at totalkostnadsmodellen (TDI) som n\u00e5 er innf\u00f8rt i h\u00f8yskole- og universitetssektoren krever synliggj\u00f8ring av alle prosjektkostnader, inkludert areal.<\/p>\n<p>Enn\u00e5 er det tilstrekkelig med arealer i labbygget, men de utnyttes ikke like godt alle steder. Fremover m\u00e5 vi finne ordninger som \u00f8ker utnyttelsen og fleksibiliteten i arealbruken. Enkle tiltak som \u00e5 rydde benker som i dag nesten utelukkende brukes som lager for utstyr og kjemikalier er et enkelt tiltak. En gjennomgang av logb\u00f8ker viser at det finnes utstyr p\u00e5 huset som ikke har v\u00e6rt i bruk de siste 10 \u00e5r \u2013 da er museet et bedre lagersted. Flere grupper m\u00e5 ogs\u00e5 kunne samarbeide om \u00e5 bruke de samme arealene. Utviklingen i laboratorieforskningen g\u00e5r mot at mer av forkningen skjer i spesiallaboratorier og p\u00e5 teknologiplatformer &#8211; behov for vanlige labbenker er ikke like stor som f\u00f8r.<\/p>\n<p>For \u00e5 f\u00e5 til en bedre utnyttelse m\u00e5 vi bort fra tradisjonell revirtenkning. P\u00e5 en eller annen m\u00e5te m\u00e5 det dokumenteres at man har aktive prosjekter og et reelt behov for \u00e5 f\u00e5 laboratorieareal \u2013 en professorstilling i seg selv er ikke nok. Vi m\u00e5 ogs\u00e5 passe p\u00e5 at arealbruken synliggj\u00f8res i prosjekts\u00f8knader som en direkte utgift slik at ogs\u00e5 disse kan bli dekket av prosjektmidler.<\/p>\n<p>For \u00e5 bruke et litt slitent St\u00f8re-uttrykk: \u00abDette er krevende prosesser\u00bb &#8211; men jeg h\u00e5per alle er enig i at guleroten smaker bedre enn pisken og at vi i felleskap finner gode l\u00f8sninger<\/p>\n<p>Med h\u00e5p om gode samboerskap og naborelasjoner i framtiden<\/p>\n<p>Eystein<\/p>\n<p><!--:--><!--:en--><\/p>\n<p><a href=\"http:\/\/k2info.w.uib.no\/en\/files\/2015\/05\/Eystein-2.jpg\/\"><img loading=\"lazy\" decoding=\"async\" class=\"alignleft size-thumbnail wp-image-6568\" src=\"http:\/\/k2info.w.uib.no\/files\/2015\/05\/Eystein-2-150x150.jpg\" alt=\"Eystein 2\" width=\"150\" height=\"150\" \/><\/a><\/p>\n<p>Once again the is a focus on space utilization in The laboratory building. The background is new groups need for room, and the total cost model (TDI), which is introduced into the college and university sector, demanding visibility of all project costs, including area.<\/p>\n<p>\u00a0Still we have sufficient area in The Lab building, but they have not been utilized equally well everywhere. In the future we have to find\u00a0 arrangements that increase utilization and flexibility of the use of the area. Measures such as clearing benches that today almost exclusively are used as storage for equipment and chemicals should be done. A review of logbooks shows that there is equipment on the house that has not been in use for the past 10 years &#8211; then the museum is a better storage location. Various groups should also collaborate, using the same areas. The development in laboratory research, evolves towards more research carried out in special laboratories and technology platforms &#8211; the need for regular lab space is longer the same. To achieve a better utilization we should abandon traditional territorial thinking. In one way or another it must be documented that there is a project going on, and a fair need for the laboratory area &#8211; a professor position in itself is not enough to demand lab space. We must also ensure that lab area use is made visible in project proposals as a direct cost, so that these may be covered by project funding. To use a bit worn out \u201cSt\u00f8re-expression, &laquo;This is a demanding process&raquo; &#8211; but I hope everyone agrees that the carrot tastes better than the whip, and that together we can find good solutions.<\/p>\n<p>With a hope of good collaboration and neighbor relations in the future.<\/p>\n<p>Eystein<\/p>\n<p>\u00a0<\/p>\n<p><!--:--><\/p>","protected":false},"excerpt":{"rendered":"<p>Ledelsen setter n\u00e5 nok en gang fokus p\u00e5 arealutnyttelse i laboratoriebygget. Bakgrunnen er at nye grupper \u00f8nsker \u00e5 f\u00e5 plass her samt at totalkostnadsmodellen (TDI) som n\u00e5 er innf\u00f8rt i h\u00f8yskole- og universitetssektoren krever synliggj\u00f8ring av alle prosjektkostnader, inkludert areal.&hellip;<\/p>\n<p class=\"more-link-p\"><a class=\"more-link\" href=\"https:\/\/k2info.w.uib.no\/en\/2015\/05\/08\/arealer\/\">Read more &rarr;<\/a><\/p>","protected":false},"author":2783,"featured_media":0,"comment_status":"open","ping_status":"open","sticky":false,"template":"","format":"standard","meta":{"footnotes":""},"categories":[44,39969],"tags":[],"class_list":["post-6550","post","type-post","status-publish","format-standard","hentry","category-nyheter","category-ukens-leder"],"_links":{"self":[{"href":"https:\/\/k2info.w.uib.no\/en\/wp-json\/wp\/v2\/posts\/6550","targetHints":{"allow":["GET"]}}],"collection":[{"href":"https:\/\/k2info.w.uib.no\/en\/wp-json\/wp\/v2\/posts"}],"about":[{"href":"https:\/\/k2info.w.uib.no\/en\/wp-json\/wp\/v2\/types\/post"}],"author":[{"embeddable":true,"href":"https:\/\/k2info.w.uib.no\/en\/wp-json\/wp\/v2\/users\/2783"}],"replies":[{"embeddable":true,"href":"https:\/\/k2info.w.uib.no\/en\/wp-json\/wp\/v2\/comments?post=6550"}],"version-history":[{"count":3,"href":"https:\/\/k2info.w.uib.no\/en\/wp-json\/wp\/v2\/posts\/6550\/revisions"}],"predecessor-version":[{"id":6586,"href":"https:\/\/k2info.w.uib.no\/en\/wp-json\/wp\/v2\/posts\/6550\/revisions\/6586"}],"wp:attachment":[{"href":"https:\/\/k2info.w.uib.no\/en\/wp-json\/wp\/v2\/media?parent=6550"}],"wp:term":[{"taxonomy":"category","embeddable":true,"href":"https:\/\/k2info.w.uib.no\/en\/wp-json\/wp\/v2\/categories?post=6550"},{"taxonomy":"post_tag","embeddable":true,"href":"https:\/\/k2info.w.uib.no\/en\/wp-json\/wp\/v2\/tags?post=6550"}],"curies":[{"name":"wp","href":"https:\/\/api.w.org\/{rel}","templated":true}]}}