{"id":5941,"date":"2015-02-23T15:21:45","date_gmt":"2015-02-23T14:21:45","guid":{"rendered":"http:\/\/k2info.w.uib.no\/?p=5941"},"modified":"2015-02-23T15:21:45","modified_gmt":"2015-02-23T14:21:45","slug":"ny-ph-d-koordinator-ved-klinisk-institutt","status":"publish","type":"post","link":"https:\/\/k2info.w.uib.no\/en\/2015\/02\/23\/ny-ph-d-koordinator-ved-klinisk-institutt\/","title":{"rendered":"<!--:no-->Ny Ph.d.-koordinator ved Klinisk institutt <!--:--><!--:en-->New PhD-Coordinator at Department of Clinical Science<!--:-->"},"content":{"rendered":"<p><!--:no--><\/p>\n<p>N\u00e5v\u00e6rende Ph.d.-koordinator Kristian Jensen vil begynne i ny jobb 01.05.2015.\u00a0 F\u00f8rstekonsulent Irene Lavik Hjelmaas vil da ta over alle Ph.d.-relaterte oppgaver.\u00a0 Kristian vil ogs\u00e5 v\u00e6re frav\u00e6rende i tidsperioden 27.02.2015 &#8211; 06.04.2015, s\u00e5 i denne perioden kan Irene ogs\u00e5 kontaktes i forbindelse med Ph.d.-relaterte henvendelser.\u00a0 Irene kan n\u00e5s p\u00e5 telefon 55 58 88 46 eller e-post <a href=\"mailto:irene.hjelmaas@k2.uib.no\" target=\"_blank\">Irene Hjelmaas<\/a><\/p>\n<p><!--:--><!--:en--><\/p>\n<p>Present PhD-Coordinator Kristian Jensen will start a new job on 01.05.2015.\u00a0 Higher Executive Officer Irene Lavik Hjelmaas will then take over all PhD-related tasks.\u00a0 Kristian will also be absent between 27.02.2015 &#8211; 06.04.2015, so during this period Irene may also be contacted regarding PhD-related inquiries.\u00a0 Irene may be reached at phone 55 58 88 46 or e-mail\u00a0 <a href=\"mailto:Irene.hjelmaas@k2.uib.no\" target=\"_blank\">Irene Hjelmaas <\/a><\/p>\n<p><!--:--><\/p>","protected":false},"excerpt":{"rendered":"<p>N\u00e5v\u00e6rende Ph.d.-koordinator Kristian Jensen vil begynne i ny jobb 01.05.2015.\u00a0 F\u00f8rstekonsulent Irene Lavik Hjelmaas vil da ta over alle Ph.d.-relaterte oppgaver.\u00a0 Kristian vil ogs\u00e5 v\u00e6re frav\u00e6rende i tidsperioden 27.02.2015 &#8211; 06.04.2015, s\u00e5 i denne perioden kan Irene ogs\u00e5 kontaktes i&hellip;<\/p>\n<p class=\"more-link-p\"><a class=\"more-link\" href=\"https:\/\/k2info.w.uib.no\/en\/2015\/02\/23\/ny-ph-d-koordinator-ved-klinisk-institutt\/\">Read more &rarr;<\/a><\/p>","protected":false},"author":2782,"featured_media":0,"comment_status":"open","ping_status":"open","sticky":false,"template":"","format":"standard","meta":{"footnotes":""},"categories":[44],"tags":[63872],"class_list":["post-5941","post","type-post","status-publish","format-standard","hentry","category-nyheter","tag-63872"],"_links":{"self":[{"href":"https:\/\/k2info.w.uib.no\/en\/wp-json\/wp\/v2\/posts\/5941","targetHints":{"allow":["GET"]}}],"collection":[{"href":"https:\/\/k2info.w.uib.no\/en\/wp-json\/wp\/v2\/posts"}],"about":[{"href":"https:\/\/k2info.w.uib.no\/en\/wp-json\/wp\/v2\/types\/post"}],"author":[{"embeddable":true,"href":"https:\/\/k2info.w.uib.no\/en\/wp-json\/wp\/v2\/users\/2782"}],"replies":[{"embeddable":true,"href":"https:\/\/k2info.w.uib.no\/en\/wp-json\/wp\/v2\/comments?post=5941"}],"version-history":[{"count":1,"href":"https:\/\/k2info.w.uib.no\/en\/wp-json\/wp\/v2\/posts\/5941\/revisions"}],"predecessor-version":[{"id":5942,"href":"https:\/\/k2info.w.uib.no\/en\/wp-json\/wp\/v2\/posts\/5941\/revisions\/5942"}],"wp:attachment":[{"href":"https:\/\/k2info.w.uib.no\/en\/wp-json\/wp\/v2\/media?parent=5941"}],"wp:term":[{"taxonomy":"category","embeddable":true,"href":"https:\/\/k2info.w.uib.no\/en\/wp-json\/wp\/v2\/categories?post=5941"},{"taxonomy":"post_tag","embeddable":true,"href":"https:\/\/k2info.w.uib.no\/en\/wp-json\/wp\/v2\/tags?post=5941"}],"curies":[{"name":"wp","href":"https:\/\/api.w.org\/{rel}","templated":true}]}}