{"id":5501,"date":"2015-01-16T12:18:59","date_gmt":"2015-01-16T11:18:59","guid":{"rendered":"http:\/\/k2info.w.uib.no\/?p=5501"},"modified":"2015-01-16T15:27:05","modified_gmt":"2015-01-16T14:27:05","slug":"apent-frokostmote-4-februar-kliniske-studier-og-utprovende-kreftbehandling","status":"publish","type":"post","link":"https:\/\/k2info.w.uib.no\/en\/2015\/01\/16\/apent-frokostmote-4-februar-kliniske-studier-og-utprovende-kreftbehandling\/","title":{"rendered":"<!--:no-->\u00c5pent frokostm\u00f8te 4. februar \u2013 kliniske studier og utpr\u00f8vende kreftbehandling<!--:--><!--:en-->Open breakfast meeting February 4 \u2013 Clinical Studies and Cancer Treatment Trials<!--:-->"},"content":{"rendered":"<p><!--:no--><a href=\"http:\/\/k2info.w.uib.no\/en\/files\/2014\/03\/Oslo-Canser.png\/\"><img loading=\"lazy\" decoding=\"async\" class=\"alignleft wp-image-2534 size-full\" src=\"http:\/\/k2info.w.uib.no\/files\/2014\/03\/Oslo-Canser.png\" alt=\"Oslo Canser\" width=\"193\" height=\"67\" \/><\/a>Oslo Cancer Cluster og LMI inviterer herved til f\u00f8rste frokostm\u00f8te i en politisk m\u00f8teserie.<br \/>M\u00f8teserien retter s\u00f8kelys p\u00e5 hvordan Norge skal sikre sine kreftpasienter en behandlingen p\u00e5 h\u00f8yde med det beste internasjonalt \u2013 b\u00e5de i dag og i fremtiden.<br \/><a href=\"http:\/\/k2info.w.uib.no\/en\/files\/2015\/01\/Politisk-m\u00f8teserie.pdf\/\" target=\"_blank\">For mer informasjon<\/a><!--:--><!--:en--><\/p>\n<p>Oslo Cancer Cluster and LMI hereby invite anyone interested to an open breakfast meeting in a political meeting series.<\/p>\n<p>The meeting series focuses on how Norway will ensure that its cancer patients are treated at the best possible international level \u2013 today and in the future.<\/p>\n<p><a href=\"http:\/\/k2info.w.uib.no\/en\/files\/2015\/01\/Politisk-m\u00f8teserie.pdf\/\" target=\"_blank\">For more information (in Norwegian)<\/a><\/p>\n<p><a href=\"http:\/\/k2info.w.uib.no\/en\/files\/2014\/02\/kreft.png\/\"><img loading=\"lazy\" decoding=\"async\" class=\"alignnone size-full wp-image-2283\" src=\"http:\/\/k2info.w.uib.no\/files\/2014\/02\/kreft.png\" alt=\"kreft\" width=\"193\" height=\"67\" \/><\/a><\/p>\n<p><!--:--><\/p>","protected":false},"excerpt":{"rendered":"<p>Oslo Cancer Cluster og LMI inviterer herved til f\u00f8rste frokostm\u00f8te i en politisk m\u00f8teserie.M\u00f8teserien retter s\u00f8kelys p\u00e5 hvordan Norge skal sikre sine kreftpasienter en behandlingen p\u00e5 h\u00f8yde med det beste internasjonalt \u2013 b\u00e5de i dag og i fremtiden.For mer informasjon&hellip;<\/p>\n<p class=\"more-link-p\"><a class=\"more-link\" href=\"https:\/\/k2info.w.uib.no\/en\/2015\/01\/16\/apent-frokostmote-4-februar-kliniske-studier-og-utprovende-kreftbehandling\/\">Read more &rarr;<\/a><\/p>","protected":false},"author":2782,"featured_media":0,"comment_status":"open","ping_status":"open","sticky":false,"template":"","format":"standard","meta":{"footnotes":""},"categories":[44],"tags":[52358],"class_list":["post-5501","post","type-post","status-publish","format-standard","hentry","category-nyheter","tag-52358"],"_links":{"self":[{"href":"https:\/\/k2info.w.uib.no\/en\/wp-json\/wp\/v2\/posts\/5501","targetHints":{"allow":["GET"]}}],"collection":[{"href":"https:\/\/k2info.w.uib.no\/en\/wp-json\/wp\/v2\/posts"}],"about":[{"href":"https:\/\/k2info.w.uib.no\/en\/wp-json\/wp\/v2\/types\/post"}],"author":[{"embeddable":true,"href":"https:\/\/k2info.w.uib.no\/en\/wp-json\/wp\/v2\/users\/2782"}],"replies":[{"embeddable":true,"href":"https:\/\/k2info.w.uib.no\/en\/wp-json\/wp\/v2\/comments?post=5501"}],"version-history":[{"count":3,"href":"https:\/\/k2info.w.uib.no\/en\/wp-json\/wp\/v2\/posts\/5501\/revisions"}],"predecessor-version":[{"id":5584,"href":"https:\/\/k2info.w.uib.no\/en\/wp-json\/wp\/v2\/posts\/5501\/revisions\/5584"}],"wp:attachment":[{"href":"https:\/\/k2info.w.uib.no\/en\/wp-json\/wp\/v2\/media?parent=5501"}],"wp:term":[{"taxonomy":"category","embeddable":true,"href":"https:\/\/k2info.w.uib.no\/en\/wp-json\/wp\/v2\/categories?post=5501"},{"taxonomy":"post_tag","embeddable":true,"href":"https:\/\/k2info.w.uib.no\/en\/wp-json\/wp\/v2\/tags?post=5501"}],"curies":[{"name":"wp","href":"https:\/\/api.w.org\/{rel}","templated":true}]}}