{"id":3459,"date":"2014-05-22T10:00:56","date_gmt":"2014-05-22T09:00:56","guid":{"rendered":"http:\/\/k2info.w.uib.no\/?p=3459"},"modified":"2014-06-19T17:06:41","modified_gmt":"2014-06-19T16:06:41","slug":"onsker-du-medieomtale","status":"publish","type":"post","link":"https:\/\/k2info.w.uib.no\/en\/2014\/05\/22\/onsker-du-medieomtale\/","title":{"rendered":"<!--:no-->\u00d8nsker du medieomtale?<!--:--><!--:en-->Would you like to be presented in the media?<!--:-->"},"content":{"rendered":"<p><!--:no--><a href=\"http:\/\/k2info.w.uib.no\/en\/files\/2014\/05\/medieomtale1.jpg\/\"><img loading=\"lazy\" decoding=\"async\" class=\"wp-image-3460 alignleft\" alt=\"medieomtale1\" src=\"http:\/\/k2info.w.uib.no\/files\/2014\/05\/medieomtale1.jpg\" width=\"180\" height=\"88\" \/><\/a>Fakultetet \u00f8nsker \u00e5 gi yngre lovende forskere et kurstilbud i formidling og kommunikasjon. Det vil bli satt opp et formidlingskurs for 10 deltakere i l\u00f8pet av h\u00f8sten 2014. M\u00e5let er at alle deltakere skal f\u00e5 minst en sak p\u00e5 trykk\/p\u00e5 radio\/p\u00e5 tv som direkte resultat av deltaking p\u00e5 kurset.<\/p>\n<p>Hvis du \u00f8nsker \u00e5 v\u00e6re med m\u00e5 du melde fra til <a href=\"mailto:Per.Bakke@k2.uib.no\" target=\"_blank\">Per Bakke<\/a> <strong>innen 24. mai<\/strong> , s\u00e5 vil instituttleder prioritere dersom det melder seg mange. Kun to fra K2 vil bli plukket ut til dette spennende programmet. <a href=\"http:\/\/k2info.w.uib.no\/en\/files\/2014\/05\/Media-omtale.pdf\/\" target=\"_blank\">For mer infomasjon<\/a><!--:--><!--:en--><a href=\"http:\/\/k2info.w.uib.no\/en\/files\/2014\/05\/medieomtale1.jpg\/\"><img loading=\"lazy\" decoding=\"async\" class=\"wp-image-3460 alignleft\" alt=\"medieomtale1\" src=\"http:\/\/k2info.w.uib.no\/files\/2014\/05\/medieomtale1.jpg\" width=\"180\" height=\"88\" \/><\/a>The Faculty wants to give young and promising researchers a course in dissemination and communication. There will be one course for 10 participants during the fall 2014. The goal is to give all participants at least one case in the press\/on the radio\/on TV as a direct result of the course.<\/p>\n<p>If you wish to participate you must send a message to <a href=\"mailto:Per.Bakke@k2.uib.no\" target=\"_blank\">Per Bakke<\/a>\u00a0 <strong>before May 24<\/strong> and the institute leader will prioritise if many are interested. Only two from K2 will be allowed to join this exciting program. <a href=\"http:\/\/k2info.w.uib.no\/en\/files\/2014\/05\/Media-omtale.pdf\/\" target=\"_blank\">For more information <\/a>(in Norwegian).<!--:--><\/p>","protected":false},"excerpt":{"rendered":"<p>Fakultetet \u00f8nsker \u00e5 gi yngre lovende forskere et kurstilbud i formidling og kommunikasjon. Det vil bli satt opp et formidlingskurs for 10 deltakere i l\u00f8pet av h\u00f8sten 2014. M\u00e5let er at alle deltakere skal f\u00e5 minst en sak p\u00e5 trykk\/p\u00e5&hellip;<\/p>\n<p class=\"more-link-p\"><a class=\"more-link\" href=\"https:\/\/k2info.w.uib.no\/en\/2014\/05\/22\/onsker-du-medieomtale\/\">Read more &rarr;<\/a><\/p>","protected":false},"author":2782,"featured_media":0,"comment_status":"open","ping_status":"open","sticky":false,"template":"","format":"standard","meta":{"footnotes":""},"categories":[44],"tags":[52307],"class_list":["post-3459","post","type-post","status-publish","format-standard","hentry","category-nyheter","tag-52307"],"_links":{"self":[{"href":"https:\/\/k2info.w.uib.no\/en\/wp-json\/wp\/v2\/posts\/3459","targetHints":{"allow":["GET"]}}],"collection":[{"href":"https:\/\/k2info.w.uib.no\/en\/wp-json\/wp\/v2\/posts"}],"about":[{"href":"https:\/\/k2info.w.uib.no\/en\/wp-json\/wp\/v2\/types\/post"}],"author":[{"embeddable":true,"href":"https:\/\/k2info.w.uib.no\/en\/wp-json\/wp\/v2\/users\/2782"}],"replies":[{"embeddable":true,"href":"https:\/\/k2info.w.uib.no\/en\/wp-json\/wp\/v2\/comments?post=3459"}],"version-history":[{"count":4,"href":"https:\/\/k2info.w.uib.no\/en\/wp-json\/wp\/v2\/posts\/3459\/revisions"}],"predecessor-version":[{"id":3585,"href":"https:\/\/k2info.w.uib.no\/en\/wp-json\/wp\/v2\/posts\/3459\/revisions\/3585"}],"wp:attachment":[{"href":"https:\/\/k2info.w.uib.no\/en\/wp-json\/wp\/v2\/media?parent=3459"}],"wp:term":[{"taxonomy":"category","embeddable":true,"href":"https:\/\/k2info.w.uib.no\/en\/wp-json\/wp\/v2\/categories?post=3459"},{"taxonomy":"post_tag","embeddable":true,"href":"https:\/\/k2info.w.uib.no\/en\/wp-json\/wp\/v2\/tags?post=3459"}],"curies":[{"name":"wp","href":"https:\/\/api.w.org\/{rel}","templated":true}]}}