{"id":2846,"date":"2014-04-04T12:30:53","date_gmt":"2014-04-04T12:30:53","guid":{"rendered":"http:\/\/k2info.w.uib.no\/?p=2846"},"modified":"2014-05-07T13:37:10","modified_gmt":"2014-05-07T13:37:10","slug":"aeresalumn","status":"publish","type":"post","link":"https:\/\/k2info.w.uib.no\/en\/2014\/04\/04\/aeresalumn\/","title":{"rendered":"<!--:no-->\u00c6resalumn<!--:--><!--:en-->Honorary alumni<!--:-->"},"content":{"rendered":"<p><!--:no--><a href=\"http:\/\/k2info.w.uib.no\/en\/files\/2014\/04\/alum.png\/\"><img loading=\"lazy\" decoding=\"async\" class=\"wp-image-2848 alignnone\" alt=\"alum\" src=\"http:\/\/k2info.w.uib.no\/files\/2014\/04\/alum.png\" width=\"288\" height=\"62\" srcset=\"https:\/\/k2info.w.uib.no\/files\/2014\/04\/alum.png 480w, https:\/\/k2info.w.uib.no\/files\/2014\/04\/alum-300x65.png 300w\" sizes=\"auto, (max-width: 288px) 100vw, 288px\" \/><\/a><\/p>\n<p>UiB skal for f\u00f8rste gang utnevne en &laquo;\u00e6resalumn&raquo;, og inviterer alle studenter og tilsatte til \u00e5 nominere kandidater.<\/p>\n<p>Kriterium:<br \/>\n&#8211; Kandidaten m\u00e5 ha utdanning fra UiB (studiepoeng).<br \/>\n&#8211; Kandidaten m\u00e5 ha gjort en ekstraordin\u00e6r innsats for Universitetet i Bergen, fakultetene, institutt eller sentre, eller innenfor sitt fagomr\u00e5de\/arbeidsfelt.<\/p>\n<p>Nominering:<br \/>\n&#8211; Forslag til kandidat(er) kan sendes til <a href=\"mailto:alumni@uib.no\">alumni@uib.no<br \/>\n<\/a>&#8211; Innsendingsfrist: 9. april.<br \/>\n&#8211; Studentene vil bli informerte om muligheten til \u00e5 nominere kandidater via Mi side.<\/p>\n<p><a href=\"http:\/\/k2info.w.uib.no\/en\/files\/2014\/04\/Nominer-%C3%A6resalumn-2014.pdf\/\" target=\"_blank\">For mer informasjon.<\/a><a href=\"http:\/\/k2info.w.uib.no\/en\/files\/2014\/04\/Nominer-\u00e6resalumn-2014.pdf\/\" target=\"_blank\"><br \/>\n<\/a>Tildelingen vil skje p\u00e5 Alumnusdagene ved UiB 10. mai 2014.<!--:--><!--:en--><a href=\"http:\/\/k2info.w.uib.no\/en\/files\/2014\/04\/alum.png\/\"><img loading=\"lazy\" decoding=\"async\" class=\"wp-image-2848 alignnone\" alt=\"alum\" src=\"http:\/\/k2info.w.uib.no\/files\/2014\/04\/alum.png\" width=\"288\" height=\"62\" srcset=\"https:\/\/k2info.w.uib.no\/files\/2014\/04\/alum.png 480w, https:\/\/k2info.w.uib.no\/files\/2014\/04\/alum-300x65.png 300w\" sizes=\"auto, (max-width: 288px) 100vw, 288px\" \/><\/a><\/p>\n<p>UoB will for the first time appoint and honorary alumni, and invites all students and employees to nominate candidates.<\/p>\n<p>Criteria:<br \/>\n-The candidate must have an education from UoB (credits)<br \/>\n-The candidate must have done an extraordinary effort for the University of Bergen, the faculties, institute or centre, or inside his\/her own field.<\/p>\n<p>Nomination:<br \/>\n-Suggestions for candidate(s) must be sent to <a href=\"mailto:alumni@uib.no\">alumni@uib.no<br \/>\n<\/a>-Deadline: April 9<br \/>\n-The students will be informed of the opportunity to nominate candidates via Mi side<\/p>\n<p><a href=\"http:\/\/k2info.w.uib.no\/en\/files\/2014\/04\/Nominer-%C3%A6resalumn-2014.pdf\/\" target=\"_blank\">For more information<\/a>(in Norwegian). <a href=\"http:\/\/k2info.w.uib.no\/en\/files\/2014\/04\/Nominer-\u00e6resalumn-2014.pdf\/\"><br \/>\n<\/a>The award will be announced at the Alumni Days at UoB May 10 2014.<!--:--><\/p>","protected":false},"excerpt":{"rendered":"<p>UiB skal for f\u00f8rste gang utnevne en &laquo;\u00e6resalumn&raquo;, og inviterer alle studenter og tilsatte til \u00e5 nominere kandidater. Kriterium: &#8211; Kandidaten m\u00e5 ha utdanning fra UiB (studiepoeng). &#8211; Kandidaten m\u00e5 ha gjort en ekstraordin\u00e6r innsats for Universitetet i Bergen, fakultetene,&hellip;<\/p>\n<p class=\"more-link-p\"><a class=\"more-link\" href=\"https:\/\/k2info.w.uib.no\/en\/2014\/04\/04\/aeresalumn\/\">Read more &rarr;<\/a><\/p>","protected":false},"author":2781,"featured_media":0,"comment_status":"open","ping_status":"open","sticky":false,"template":"","format":"standard","meta":{"footnotes":""},"categories":[44],"tags":[],"class_list":["post-2846","post","type-post","status-publish","format-standard","hentry","category-nyheter"],"_links":{"self":[{"href":"https:\/\/k2info.w.uib.no\/en\/wp-json\/wp\/v2\/posts\/2846","targetHints":{"allow":["GET"]}}],"collection":[{"href":"https:\/\/k2info.w.uib.no\/en\/wp-json\/wp\/v2\/posts"}],"about":[{"href":"https:\/\/k2info.w.uib.no\/en\/wp-json\/wp\/v2\/types\/post"}],"author":[{"embeddable":true,"href":"https:\/\/k2info.w.uib.no\/en\/wp-json\/wp\/v2\/users\/2781"}],"replies":[{"embeddable":true,"href":"https:\/\/k2info.w.uib.no\/en\/wp-json\/wp\/v2\/comments?post=2846"}],"version-history":[{"count":8,"href":"https:\/\/k2info.w.uib.no\/en\/wp-json\/wp\/v2\/posts\/2846\/revisions"}],"predecessor-version":[{"id":2915,"href":"https:\/\/k2info.w.uib.no\/en\/wp-json\/wp\/v2\/posts\/2846\/revisions\/2915"}],"wp:attachment":[{"href":"https:\/\/k2info.w.uib.no\/en\/wp-json\/wp\/v2\/media?parent=2846"}],"wp:term":[{"taxonomy":"category","embeddable":true,"href":"https:\/\/k2info.w.uib.no\/en\/wp-json\/wp\/v2\/categories?post=2846"},{"taxonomy":"post_tag","embeddable":true,"href":"https:\/\/k2info.w.uib.no\/en\/wp-json\/wp\/v2\/tags?post=2846"}],"curies":[{"name":"wp","href":"https:\/\/api.w.org\/{rel}","templated":true}]}}