{"id":25414,"date":"2025-05-02T10:19:12","date_gmt":"2025-05-02T09:19:12","guid":{"rendered":"https:\/\/k2info.w.uib.no\/?p=25414"},"modified":"2025-05-02T11:38:16","modified_gmt":"2025-05-02T10:38:16","slug":"gratulerer-til-alle-prisvinnere-pa-fakultetets-dag","status":"publish","type":"post","link":"https:\/\/k2info.w.uib.no\/en\/2025\/05\/02\/gratulerer-til-alle-prisvinnere-pa-fakultetets-dag\/","title":{"rendered":"[:no]Ukens leder[:en]Leader of the week[:]"},"content":{"rendered":"<p>[:no]<a href=\"https:\/\/k2info.w.uib.no\/files\/2025\/05\/silkeappel_kimeandreassen_SSI-2.jpg\"><img loading=\"lazy\" decoding=\"async\" class=\"alignnone wp-image-25427\" src=\"https:\/\/k2info.w.uib.no\/files\/2025\/05\/silkeappel_kimeandreassen_SSI-2-240x300.jpg\" alt=\"\" width=\"171\" height=\"214\" srcset=\"https:\/\/k2info.w.uib.no\/files\/2025\/05\/silkeappel_kimeandreassen_SSI-2-240x300.jpg 240w, https:\/\/k2info.w.uib.no\/files\/2025\/05\/silkeappel_kimeandreassen_SSI-2.jpg 420w\" sizes=\"auto, (max-width: 171px) 100vw, 171px\" \/><\/a><\/p>\n<p>Gratulerer til alle prisvinnere p\u00e5 fakultetets dag!<\/p>\n<p><span style=\"color: #444444;font-size: 1rem\">Det var med stor glede og stolthet vi kunne feire K2s prisvinnere.<\/span><span style=\"color: #444444;font-size: 1rem\">Flere forelesere fra K2 bidrar til Kommunikasjonskurset i MED5\/MED6, som ble tildelt undervisningsprisen.<\/span>Jone Trovik mottok undervisningsprisen, mens Aase Raddum ble anerkjent som merittert underviser.<\/p>\n<p>\u00c5rets publikasjon gikk til Marc Vaudels gruppe, med Jakub Vasicek som f\u00f8rsteforfatter og Ksenia Kuznetsova, Dafni Skiadopoulou, Lucas Unger, Simona Chera, Luiza Ghila, P\u00e5l Nj\u00f8lstad og Stefan Johansson som medforfattere.<\/p>\n<p>Innovasjonsprisen ble tildelt Emmet Mc Cormack, Pascal Gelebart, Vibeke Fosse og May Eriksen Gjerstad.<\/p>\n<h2>Vi er flinke<\/h2>\n<p>Jeg er ogs\u00e5 sv\u00e6rt stolt over evalueringsrapporten fra forskningsr\u00e5det (EVALMEDHELSE) som vi mottok for noen uker siden. Rapporten fremhever at:<\/p>\n<blockquote><p><em>B\u00e5de forsknings- og undervisningsvirksomheten har v\u00e6rt av h\u00f8y internasjonal standard og synlighet, noe som har tiltrukket forskere innen grunnforskning og klinikere til \u00e5 lykkes med \u00e5 samarbeide om de veldefinerte fagomr\u00e5dene i denne administrative enheten. I l\u00f8pet av den n\u00e5v\u00e6rende forskningsstrategiperioden 2021-2024 har den administrative enheten hatt stor suksess med \u00e5 publisere i internasjonale topptidsskrifter og skaffe konkurransedyktig ekstern finansiering fra nasjonale og internasjonale kilder.<\/em><\/p><\/blockquote>\n<p>Vi har ogs\u00e5 f\u00e5tt verdifulle forslag til forbedringer, blant annet \u00f8kt interaksjon med akt\u00f8rer utenfor akademia, som vi vil jobbe med fremover.<\/p>\n<p>Til slutt vil jeg minne om at vi fortsatt trenger flere hjelpere til eksamen for medisinstudentene OSKE6 (12. juni) og OSKE12 (5. juni). Du trenger ikke \u00e5 v\u00e6re ansatt i administrasjonen for \u00e5 registrere deg som hjelper \u2013 alle er velkomne! &#x1f60a;<\/p>\n<p><a href=\"https:\/\/skjemaker.app.uib.no\/view.php?id=18492290\">P\u00e5meldingsskjema for administrativt personell til OSKE12 og OSKE6 V25<\/a><\/p>\n<p>Riktig god helg!<\/p>\n<p>&#8211; Silke<\/p>\n<p><a href=\"https:\/\/k2info.w.uib.no\/files\/2025\/05\/Bilde1.png\"><img loading=\"lazy\" decoding=\"async\" class=\"alignnone size-full wp-image-25428\" src=\"https:\/\/k2info.w.uib.no\/files\/2025\/05\/Bilde1.png\" alt=\"\" width=\"1499\" height=\"801\" srcset=\"https:\/\/k2info.w.uib.no\/files\/2025\/05\/Bilde1.png 1499w, https:\/\/k2info.w.uib.no\/files\/2025\/05\/Bilde1-300x160.png 300w, https:\/\/k2info.w.uib.no\/files\/2025\/05\/Bilde1-1024x547.png 1024w, https:\/\/k2info.w.uib.no\/files\/2025\/05\/Bilde1-768x410.png 768w, https:\/\/k2info.w.uib.no\/files\/2025\/05\/Bilde1-624x333.png 624w\" sizes=\"auto, (max-width: 1499px) 100vw, 1499px\" \/><\/a>[:en]<a href=\"https:\/\/k2info.w.uib.no\/files\/2025\/05\/silkeappel_kimeandreassen_SSI-2.jpg\"><img loading=\"lazy\" decoding=\"async\" class=\"alignnone size-medium wp-image-25427\" src=\"https:\/\/k2info.w.uib.no\/files\/2025\/05\/silkeappel_kimeandreassen_SSI-2-240x300.jpg\" alt=\"\" width=\"240\" height=\"300\" srcset=\"https:\/\/k2info.w.uib.no\/files\/2025\/05\/silkeappel_kimeandreassen_SSI-2-240x300.jpg 240w, https:\/\/k2info.w.uib.no\/files\/2025\/05\/silkeappel_kimeandreassen_SSI-2.jpg 420w\" sizes=\"auto, (max-width: 240px) 100vw, 240px\" \/><\/a><\/p>\n<p>Congratulations to all the award winners on Faculty Day!<\/p>\n<p>It was with great pleasure and pride to see especially K2&#8217;s award winners. Several lecturers from K2 contribute to the Communication Course in MED5\/MED6, which was awarded the teaching prize.<\/p>\n<p>Jone Trovik received the teaching prize, while Aase Raddum was recognized as a merited educator.<\/p>\n<p>The publication of the year went to Marc Vaudel&#8217;s group, with Jakub Vasicek as the first author and Ksenia Kuznetsova, Dafni Skiadopoulou, Lucas Unger, Simona Chera, Luiza Ghila, P\u00e5l Nj\u00f8lstad, and Stefan Johansson as co-authors.<\/p>\n<p>The innovation prize was awarded to Emmet Mc Cormack, Pascal Gelebart, Vibeke Fosse, and May Eriksen Gjerstad.<\/p>\n<h2>Good results<\/h2>\n<p>I am also very proud of the evaluation report from the Research Council of Norway (EVALMEDHELSE) that we received back a few weeks ago. Here it says that<\/p>\n<blockquote><p>Both the research and teaching activities have been of high international standard and visibility, which has attracted researchers in basic science and clinicians to successfully collaborate on the well-defined expert areas within this administrative unit. During the current research strategy period of 2021-2024, the administrative unit has been very successful in publishing in top international journals and raising competitive external funding from national and international sources.<\/p><\/blockquote>\n<p>At the same time, we have also received suggestions for improvement (including more interaction with actors outside academia) that we will work on in the time to come.<\/p>\n<p>And finally: We still need more helpers for the medical exams OSKE6 (12 June) and OSKE12 (5 June), you do not need to be employed in the administration to register as a helper, everyone is welcome &#x1f60a;<\/p>\n<p><a href=\"https:\/\/skjemaker.app.uib.no\/view.php?id=18492290\"><strong>P\u00e5meldingsskjema for administrativt personell til OSKE12 og OSKE6 V25<\/strong><\/a><\/p>\n<p>Have a great weekend!<\/p>\n<p>Silke<\/p>\n<p><a href=\"https:\/\/k2info.w.uib.no\/files\/2025\/05\/Bilde1.png\"><img loading=\"lazy\" decoding=\"async\" class=\"alignnone size-full wp-image-25428\" src=\"https:\/\/k2info.w.uib.no\/files\/2025\/05\/Bilde1.png\" alt=\"\" width=\"1499\" height=\"801\" srcset=\"https:\/\/k2info.w.uib.no\/files\/2025\/05\/Bilde1.png 1499w, https:\/\/k2info.w.uib.no\/files\/2025\/05\/Bilde1-300x160.png 300w, https:\/\/k2info.w.uib.no\/files\/2025\/05\/Bilde1-1024x547.png 1024w, https:\/\/k2info.w.uib.no\/files\/2025\/05\/Bilde1-768x410.png 768w, https:\/\/k2info.w.uib.no\/files\/2025\/05\/Bilde1-624x333.png 624w\" sizes=\"auto, (max-width: 1499px) 100vw, 1499px\" \/><\/a>[:]<\/p>\n","protected":false},"excerpt":{"rendered":"<p>[:no] Gratulerer til alle prisvinnere p\u00e5 fakultetets dag! Det var med stor glede og stolthet vi kunne feire K2s prisvinnere.Flere forelesere fra K2 bidrar til Kommunikasjonskurset i MED5\/MED6, som ble tildelt undervisningsprisen.Jone Trovik mottok undervisningsprisen, mens Aase Raddum ble anerkjent&hellip;<\/p>\n<p class=\"more-link-p\"><a class=\"more-link\" href=\"https:\/\/k2info.w.uib.no\/en\/2025\/05\/02\/gratulerer-til-alle-prisvinnere-pa-fakultetets-dag\/\">Read more &rarr;<\/a><\/p>\n","protected":false},"author":5051,"featured_media":0,"comment_status":"open","ping_status":"open","sticky":false,"template":"","format":"standard","meta":{"footnotes":""},"categories":[39969],"tags":[],"class_list":["post-25414","post","type-post","status-publish","format-standard","hentry","category-ukens-leder"],"_links":{"self":[{"href":"https:\/\/k2info.w.uib.no\/en\/wp-json\/wp\/v2\/posts\/25414","targetHints":{"allow":["GET"]}}],"collection":[{"href":"https:\/\/k2info.w.uib.no\/en\/wp-json\/wp\/v2\/posts"}],"about":[{"href":"https:\/\/k2info.w.uib.no\/en\/wp-json\/wp\/v2\/types\/post"}],"author":[{"embeddable":true,"href":"https:\/\/k2info.w.uib.no\/en\/wp-json\/wp\/v2\/users\/5051"}],"replies":[{"embeddable":true,"href":"https:\/\/k2info.w.uib.no\/en\/wp-json\/wp\/v2\/comments?post=25414"}],"version-history":[{"count":6,"href":"https:\/\/k2info.w.uib.no\/en\/wp-json\/wp\/v2\/posts\/25414\/revisions"}],"predecessor-version":[{"id":25434,"href":"https:\/\/k2info.w.uib.no\/en\/wp-json\/wp\/v2\/posts\/25414\/revisions\/25434"}],"wp:attachment":[{"href":"https:\/\/k2info.w.uib.no\/en\/wp-json\/wp\/v2\/media?parent=25414"}],"wp:term":[{"taxonomy":"category","embeddable":true,"href":"https:\/\/k2info.w.uib.no\/en\/wp-json\/wp\/v2\/categories?post=25414"},{"taxonomy":"post_tag","embeddable":true,"href":"https:\/\/k2info.w.uib.no\/en\/wp-json\/wp\/v2\/tags?post=25414"}],"curies":[{"name":"wp","href":"https:\/\/api.w.org\/{rel}","templated":true}]}}