{"id":25360,"date":"2025-04-24T08:59:52","date_gmt":"2025-04-24T07:59:52","guid":{"rendered":"https:\/\/k2info.w.uib.no\/?p=25360"},"modified":"2025-04-24T08:59:52","modified_gmt":"2025-04-24T07:59:52","slug":"alrek-studentkonferanse-2025","status":"publish","type":"post","link":"https:\/\/k2info.w.uib.no\/en\/2025\/04\/24\/alrek-studentkonferanse-2025\/","title":{"rendered":"[:no]Alrek studentkonferanse 2025[:en]Alrek Student Conference 2025[:]"},"content":{"rendered":"<p>[:no]04juni 2025<\/p>\n<p>09:00 &#8211; 15:00<\/p>\n<p>Midgard, \u00c5rstadveien 17, Alrek helseklynge<\/p>\n<p>I 2025 er det fem\u00e5rsjubileum for Studentkonferansen! Vi inviterer studenter til \u00e5 sende inn sammendrag for \u00e5 g\u00e5 presentere sine hoved- og masteroppgaver knyttet til helse i bred forstand.<\/p>\n<p><a href=\"https:\/\/nettskjema.no\/a\/alrek2025#\/page\/1\"><strong>P\u00e5melding til konferansen finner dere her!<\/strong><\/a><br \/>\n<strong>P\u00e5meldingsfrist:<\/strong> 28. mai kl. 23.59.<\/p>\n<p>Er du student og vurderer \u00e5 presentere din prosjektplan, master- eller hovedprosjekt? Call for abstracts er ute, og du kan<a href=\"https:\/\/nettskjema.no\/a\/alrekstudentkonferanse2025#\/page\/1\"><strong> sende inn abstract til Alrek studentkonferanse her<\/strong><\/a>.<br \/>\n<strong>Frist for innsending:<\/strong> 12. mai kl. 23.59.<\/p>\n<p><a href=\"https:\/\/alrekhelseklynge.no\/arrangementer\/alrek-studentkonferanse-2025\/\">https:\/\/alrekhelseklynge.no\/arrangementer\/alrek-studentkonferanse-2025\/<\/a><\/p>\n<p><a href=\"https:\/\/k2info.w.uib.no\/files\/2025\/03\/web-graphics_FS-UTS-Tech-Cafe1.png\"><img loading=\"lazy\" decoding=\"async\" class=\"alignnone size-large wp-image-25177\" src=\"https:\/\/k2info.w.uib.no\/files\/2025\/03\/web-graphics_FS-UTS-Tech-Cafe1-1024x512.png\" alt=\"\" width=\"625\" height=\"313\" srcset=\"https:\/\/k2info.w.uib.no\/files\/2025\/03\/web-graphics_FS-UTS-Tech-Cafe1-1024x512.png 1024w, https:\/\/k2info.w.uib.no\/files\/2025\/03\/web-graphics_FS-UTS-Tech-Cafe1-300x150.png 300w, https:\/\/k2info.w.uib.no\/files\/2025\/03\/web-graphics_FS-UTS-Tech-Cafe1-768x384.png 768w, https:\/\/k2info.w.uib.no\/files\/2025\/03\/web-graphics_FS-UTS-Tech-Cafe1-1536x768.png 1536w, https:\/\/k2info.w.uib.no\/files\/2025\/03\/web-graphics_FS-UTS-Tech-Cafe1-2048x1025.png 2048w, https:\/\/k2info.w.uib.no\/files\/2025\/03\/web-graphics_FS-UTS-Tech-Cafe1-624x312.png 624w\" sizes=\"auto, (max-width: 625px) 100vw, 625px\" \/><\/a>[:en]4 June 2025<\/p>\n<p>09:00 &#8211; 15:00<\/p>\n<p>Midgard, \u00c5rstadveien 17, Alrek helseklynge<\/p>\n<p>In 2025, we are celebrating the five-year anniversary of the Student Conference! We invite students to submit abstracts to present their bachelor&#8217;s and master&#8217;s theses related to health in a broad sense.<\/p>\n<p><a href=\"https:\/\/nettskjema.no\/a\/alrek2025#\/page\/1\">You can register for the conference here!<\/a><br \/>\n<strong>Registration deadline:<\/strong> May 28 at 11:59 PM.<\/p>\n<p>Are you a student considering presenting your project plan or findings from your master? The call for abstracts is now open, and <a href=\"https:\/\/nettskjema.no\/a\/alrekstudentkonferanse2025#\/page\/1\">you can submit your abstract for the Alrek Student Conference here<\/a>.<br \/>\n<strong>Submission deadline:<\/strong> May 12 at 11:59 PM.<\/p>\n<p><a href=\"https:\/\/alrekhelseklynge.no\/arrangementer\/alrek-studentkonferanse-2025-2\/\">https:\/\/alrekhelseklynge.no\/arrangementer\/alrek-studentkonferanse-2025-2\/<\/a><\/p>\n<p><a href=\"https:\/\/k2info.w.uib.no\/files\/2025\/03\/web-graphics_FS-UTS-Tech-Cafe1.png\"><img loading=\"lazy\" decoding=\"async\" class=\"alignnone size-large wp-image-25177\" src=\"https:\/\/k2info.w.uib.no\/files\/2025\/03\/web-graphics_FS-UTS-Tech-Cafe1-1024x512.png\" alt=\"\" width=\"625\" height=\"313\" srcset=\"https:\/\/k2info.w.uib.no\/files\/2025\/03\/web-graphics_FS-UTS-Tech-Cafe1-1024x512.png 1024w, https:\/\/k2info.w.uib.no\/files\/2025\/03\/web-graphics_FS-UTS-Tech-Cafe1-300x150.png 300w, https:\/\/k2info.w.uib.no\/files\/2025\/03\/web-graphics_FS-UTS-Tech-Cafe1-768x384.png 768w, https:\/\/k2info.w.uib.no\/files\/2025\/03\/web-graphics_FS-UTS-Tech-Cafe1-1536x768.png 1536w, https:\/\/k2info.w.uib.no\/files\/2025\/03\/web-graphics_FS-UTS-Tech-Cafe1-2048x1025.png 2048w, https:\/\/k2info.w.uib.no\/files\/2025\/03\/web-graphics_FS-UTS-Tech-Cafe1-624x312.png 624w\" sizes=\"auto, (max-width: 625px) 100vw, 625px\" \/><\/a>[:]<\/p>\n","protected":false},"excerpt":{"rendered":"<p>[:no]04juni 2025 09:00 &#8211; 15:00 Midgard, \u00c5rstadveien 17, Alrek helseklynge I 2025 er det fem\u00e5rsjubileum for Studentkonferansen! Vi inviterer studenter til \u00e5 sende inn sammendrag for \u00e5 g\u00e5 presentere sine hoved- og masteroppgaver knyttet til helse i bred forstand. P\u00e5melding&hellip;<\/p>\n<p class=\"more-link-p\"><a class=\"more-link\" href=\"https:\/\/k2info.w.uib.no\/en\/2025\/04\/24\/alrek-studentkonferanse-2025\/\">Read more &rarr;<\/a><\/p>\n","protected":false},"author":5375,"featured_media":0,"comment_status":"open","ping_status":"open","sticky":false,"template":"","format":"standard","meta":{"footnotes":""},"categories":[44],"tags":[],"class_list":["post-25360","post","type-post","status-publish","format-standard","hentry","category-nyheter"],"_links":{"self":[{"href":"https:\/\/k2info.w.uib.no\/en\/wp-json\/wp\/v2\/posts\/25360","targetHints":{"allow":["GET"]}}],"collection":[{"href":"https:\/\/k2info.w.uib.no\/en\/wp-json\/wp\/v2\/posts"}],"about":[{"href":"https:\/\/k2info.w.uib.no\/en\/wp-json\/wp\/v2\/types\/post"}],"author":[{"embeddable":true,"href":"https:\/\/k2info.w.uib.no\/en\/wp-json\/wp\/v2\/users\/5375"}],"replies":[{"embeddable":true,"href":"https:\/\/k2info.w.uib.no\/en\/wp-json\/wp\/v2\/comments?post=25360"}],"version-history":[{"count":1,"href":"https:\/\/k2info.w.uib.no\/en\/wp-json\/wp\/v2\/posts\/25360\/revisions"}],"predecessor-version":[{"id":25361,"href":"https:\/\/k2info.w.uib.no\/en\/wp-json\/wp\/v2\/posts\/25360\/revisions\/25361"}],"wp:attachment":[{"href":"https:\/\/k2info.w.uib.no\/en\/wp-json\/wp\/v2\/media?parent=25360"}],"wp:term":[{"taxonomy":"category","embeddable":true,"href":"https:\/\/k2info.w.uib.no\/en\/wp-json\/wp\/v2\/categories?post=25360"},{"taxonomy":"post_tag","embeddable":true,"href":"https:\/\/k2info.w.uib.no\/en\/wp-json\/wp\/v2\/tags?post=25360"}],"curies":[{"name":"wp","href":"https:\/\/api.w.org\/{rel}","templated":true}]}}