{"id":25115,"date":"2025-03-21T10:38:42","date_gmt":"2025-03-21T09:38:42","guid":{"rendered":"https:\/\/k2info.w.uib.no\/?p=25115"},"modified":"2025-03-21T10:41:58","modified_gmt":"2025-03-21T09:41:58","slug":"ukens-leder-112","status":"publish","type":"post","link":"https:\/\/k2info.w.uib.no\/en\/2025\/03\/21\/ukens-leder-112\/","title":{"rendered":"[:no]Ukens Leder[:en]Leader of the week [:]"},"content":{"rendered":"<p>[:no]V\u00e5ren kommer tidlig i \u00e5r og jeg er i ikke tvil om jeg misliker at vinteren er p\u00e5 vikende front. Stor endring dette \u00e5ret i forhold til hva vi er vant med p\u00e5 Vestlandet. Endringer er noe vi erfarer ogs\u00e5<a href=\"https:\/\/k2info.w.uib.no\/files\/2025\/03\/svein-skeie.jpg\"><img loading=\"lazy\" decoding=\"async\" class=\"size-medium wp-image-25125 alignright\" src=\"https:\/\/k2info.w.uib.no\/files\/2025\/03\/svein-skeie-192x300.jpg\" alt=\"\" width=\"192\" height=\"300\" srcset=\"https:\/\/k2info.w.uib.no\/files\/2025\/03\/svein-skeie-192x300.jpg 192w, https:\/\/k2info.w.uib.no\/files\/2025\/03\/svein-skeie-656x1024.jpg 656w, https:\/\/k2info.w.uib.no\/files\/2025\/03\/svein-skeie-768x1199.jpg 768w, https:\/\/k2info.w.uib.no\/files\/2025\/03\/svein-skeie-624x974.jpg 624w, https:\/\/k2info.w.uib.no\/files\/2025\/03\/svein-skeie.jpg 820w\" sizes=\"auto, (max-width: 192px) 100vw, 192px\" \/><\/a> i UiB sammenheng. Utfordringene er tydelige p\u00e5 \u00f8konomi- og organisasjonssiden og mange bekymrer seg for konsekvenser b\u00e5de for utdanningene og forskningen. P\u00e5 campus Stavanger har vi denne uken hatt m\u00f8te i felles utdanningsr\u00e5d mellom med fak UiB og SUS, ledet av visedekan Marit \u00d8ylo. Der m\u00f8tes klinikkledere fra SUS, koordinatorer og ledelse fra medisinsk fakultet og diskuterer saker relevante for b\u00e5de Vestlandslegen og praksisstudenter (2015). SUS flytter all somatisk d\u00f8gnvirksomhet til nye SUS den 16\/11. Da m\u00e5 b\u00e5de praksis og utdanningsaktiviteter tilpasses \u2013 mye logistikk og nye hensyn \u00e5 ta. Vi tror at denne unike erfaringen for studentene ogs\u00e5 kan ha unik l\u00e6ringsverdi. Rekruttering til stillinger og oppbygging av\u00a0 Campus Stavanger blir viktig videre (som en del av den nye flercampus-modellen). I det nye sykehuset blir det bedre forhold b\u00e5de for UiB ansatte og studenter \u2013 vi gleder oss til det. Mulighetene for samarbeide b\u00e5de p\u00e5 utdanning og forskning mellom sykehusene \u00f8ker \u2013 det m\u00e5 vi benytte oss av!<\/p>\n<p>Fortsatt god vinter \u2013 eller v\u00e5r \u2013 eller hva det n\u00e5 blir dette \u00e5ret<\/p>\n<p>Mvh.<\/p>\n<p>Svein Skeie<\/p>\n<p><a href=\"https:\/\/k2info.w.uib.no\/files\/2025\/03\/ukens-leder.jpg\"><img loading=\"lazy\" decoding=\"async\" class=\"alignnone size-large wp-image-25116\" src=\"https:\/\/k2info.w.uib.no\/files\/2025\/03\/ukens-leder-1024x768.jpg\" alt=\"\" width=\"625\" height=\"469\" srcset=\"https:\/\/k2info.w.uib.no\/files\/2025\/03\/ukens-leder-1024x768.jpg 1024w, https:\/\/k2info.w.uib.no\/files\/2025\/03\/ukens-leder-300x225.jpg 300w, https:\/\/k2info.w.uib.no\/files\/2025\/03\/ukens-leder-768x576.jpg 768w, https:\/\/k2info.w.uib.no\/files\/2025\/03\/ukens-leder-1536x1152.jpg 1536w, https:\/\/k2info.w.uib.no\/files\/2025\/03\/ukens-leder-624x468.jpg 624w, https:\/\/k2info.w.uib.no\/files\/2025\/03\/ukens-leder.jpg 2016w\" sizes=\"auto, (max-width: 625px) 100vw, 625px\" \/><\/a>[:en]Spring is coming early this year and I have no doubt that I dislike the fact that winter is on the <a href=\"https:\/\/k2info.w.uib.no\/files\/2025\/03\/svein-skeie.jpg\"><img loading=\"lazy\" decoding=\"async\" class=\"size-medium wp-image-25125 alignright\" src=\"https:\/\/k2info.w.uib.no\/files\/2025\/03\/svein-skeie-192x300.jpg\" alt=\"\" width=\"192\" height=\"300\" srcset=\"https:\/\/k2info.w.uib.no\/files\/2025\/03\/svein-skeie-192x300.jpg 192w, https:\/\/k2info.w.uib.no\/files\/2025\/03\/svein-skeie-656x1024.jpg 656w, https:\/\/k2info.w.uib.no\/files\/2025\/03\/svein-skeie-768x1199.jpg 768w, https:\/\/k2info.w.uib.no\/files\/2025\/03\/svein-skeie-624x974.jpg 624w, https:\/\/k2info.w.uib.no\/files\/2025\/03\/svein-skeie.jpg 820w\" sizes=\"auto, (max-width: 192px) 100vw, 192px\" \/><\/a> retreat. Big change this year compared to what we are used to in Western Norway. Changes are something we are also experiencing in the UiB context. The challenges are clear in terms of finances and organization and many are worried about the consequences for both education and research. On the Stavanger campus, this week we had a meeting in a joint education council between the faculty of UiB and SUS, led by Vice Dean Marit \u00d8ylo. Clinic managers from SUS, coordinators and management from the medical faculty meet there and discuss matters relevant to both the Westland physician and practice students (2015). SUS will move all somatic day care activities to the new SUS on 16\/11. Then both practice and education activities will have to be adapted \u2013 a lot of logistics and new considerations to take. We believe that this unique experience for the students can also have unique learning value. Recruitment for positions and the development of Campus Stavanger will continue to be important (as part of the new multi-campus model). The new hospital will provide better conditions for both UiB employees and students \u2013 we are looking forward to it. The opportunities for cooperation in both education and research between the hospitals are increasing \u2013 we must take advantage of that!<br \/>\nHave a good winter \u2013 or spring \u2013 or whatever it will be this year<\/p>\n<p>Best,<\/p>\n<p>Svein skeie<\/p>\n<p><a href=\"https:\/\/k2info.w.uib.no\/files\/2025\/03\/ukens-leder.jpg\"><img loading=\"lazy\" decoding=\"async\" class=\"alignnone size-large wp-image-25116\" src=\"https:\/\/k2info.w.uib.no\/files\/2025\/03\/ukens-leder-1024x768.jpg\" alt=\"\" width=\"625\" height=\"469\" srcset=\"https:\/\/k2info.w.uib.no\/files\/2025\/03\/ukens-leder-1024x768.jpg 1024w, https:\/\/k2info.w.uib.no\/files\/2025\/03\/ukens-leder-300x225.jpg 300w, https:\/\/k2info.w.uib.no\/files\/2025\/03\/ukens-leder-768x576.jpg 768w, https:\/\/k2info.w.uib.no\/files\/2025\/03\/ukens-leder-1536x1152.jpg 1536w, https:\/\/k2info.w.uib.no\/files\/2025\/03\/ukens-leder-624x468.jpg 624w, https:\/\/k2info.w.uib.no\/files\/2025\/03\/ukens-leder.jpg 2016w\" sizes=\"auto, (max-width: 625px) 100vw, 625px\" \/><\/a>[:]<\/p>\n","protected":false},"excerpt":{"rendered":"<p>[:no]V\u00e5ren kommer tidlig i \u00e5r og jeg er i ikke tvil om jeg misliker at vinteren er p\u00e5 vikende front. Stor endring dette \u00e5ret i forhold til hva vi er vant med p\u00e5 Vestlandet. Endringer er noe vi erfarer ogs\u00e5&hellip;<\/p>\n<p class=\"more-link-p\"><a class=\"more-link\" href=\"https:\/\/k2info.w.uib.no\/en\/2025\/03\/21\/ukens-leder-112\/\">Read more &rarr;<\/a><\/p>\n","protected":false},"author":5375,"featured_media":0,"comment_status":"open","ping_status":"open","sticky":false,"template":"","format":"standard","meta":{"footnotes":""},"categories":[44,39969],"tags":[],"class_list":["post-25115","post","type-post","status-publish","format-standard","hentry","category-nyheter","category-ukens-leder"],"_links":{"self":[{"href":"https:\/\/k2info.w.uib.no\/en\/wp-json\/wp\/v2\/posts\/25115","targetHints":{"allow":["GET"]}}],"collection":[{"href":"https:\/\/k2info.w.uib.no\/en\/wp-json\/wp\/v2\/posts"}],"about":[{"href":"https:\/\/k2info.w.uib.no\/en\/wp-json\/wp\/v2\/types\/post"}],"author":[{"embeddable":true,"href":"https:\/\/k2info.w.uib.no\/en\/wp-json\/wp\/v2\/users\/5375"}],"replies":[{"embeddable":true,"href":"https:\/\/k2info.w.uib.no\/en\/wp-json\/wp\/v2\/comments?post=25115"}],"version-history":[{"count":3,"href":"https:\/\/k2info.w.uib.no\/en\/wp-json\/wp\/v2\/posts\/25115\/revisions"}],"predecessor-version":[{"id":25126,"href":"https:\/\/k2info.w.uib.no\/en\/wp-json\/wp\/v2\/posts\/25115\/revisions\/25126"}],"wp:attachment":[{"href":"https:\/\/k2info.w.uib.no\/en\/wp-json\/wp\/v2\/media?parent=25115"}],"wp:term":[{"taxonomy":"category","embeddable":true,"href":"https:\/\/k2info.w.uib.no\/en\/wp-json\/wp\/v2\/categories?post=25115"},{"taxonomy":"post_tag","embeddable":true,"href":"https:\/\/k2info.w.uib.no\/en\/wp-json\/wp\/v2\/tags?post=25115"}],"curies":[{"name":"wp","href":"https:\/\/api.w.org\/{rel}","templated":true}]}}