{"id":23750,"date":"2024-08-30T13:26:46","date_gmt":"2024-08-30T12:26:46","guid":{"rendered":"https:\/\/k2info.w.uib.no\/?p=23750"},"modified":"2024-08-30T13:26:46","modified_gmt":"2024-08-30T12:26:46","slug":"senter-for-ernaering-presterer-the-oral-gateway-to-chronic-inflammatory-diseases","status":"publish","type":"post","link":"https:\/\/k2info.w.uib.no\/en\/2024\/08\/30\/senter-for-ernaering-presterer-the-oral-gateway-to-chronic-inflammatory-diseases\/","title":{"rendered":"[:no]Senter for ern\u00e6ring presterer: &laquo;The oral gateway to chronic inflammatory diseases&raquo;[:]"},"content":{"rendered":"[:no]\r\n<p><a href=\"https:\/\/k2info.w.uib.no\/files\/2024\/03\/senter-for-ernaering.jpg\"><img loading=\"lazy\" decoding=\"async\" class=\"alignnone size-full wp-image-23054\" src=\"https:\/\/k2info.w.uib.no\/files\/2024\/03\/senter-for-ernaering.jpg\" alt=\"\" width=\"500\" height=\"173\" srcset=\"https:\/\/k2info.w.uib.no\/files\/2024\/03\/senter-for-ernaering.jpg 500w, https:\/\/k2info.w.uib.no\/files\/2024\/03\/senter-for-ernaering-300x104.jpg 300w\" sizes=\"auto, (max-width: 500px) 100vw, 500px\" \/><\/a><\/p>\r\n<p><a href=\"https:\/\/www.uib.no\/ernaring\">Senter for ern\u00e6ring<\/a> har gleden av \u00e5 invitere til et nytt seminar i v\u00e5r seminarrekke. Serien tar opp sentrale utfordringer innen ern\u00e6ring og helse.<\/p>\r\n\r\n\r\n\r\n<h4 class=\"wp-block-heading\">Tid sted<\/h4>\r\n\r\n\r\n\r\n<p>23. september 2024 kl. 14.30<\/p>\r\n\r\n\r\n\r\n<p>Aud. 4, BB-bygget<\/p>\r\n\r\n\r\n\r\n<h4 class=\"wp-block-heading\">Hva skjer?<\/h4>\r\n\r\n\r\n\r\n<p><strong>Speaker:<\/strong> Randi Jacobsen Bertelsen, Researcher and leader for research group BRuSH, K2, UiB <strong>Moderator:<\/strong> G\u00fclen Arslan Lied<\/p>\r\n\r\n\r\n\r\n<p>In this presentation Bertelsen will discuss how periodontal health status and the oral microbiome are linked to systemic inflammatory conditions and diseases, with a special focus on cardiovascular and respiratory outcomes. She will also present data from studies at the BRuSH research group, including data from an ongoing oral health intervention study.<\/p>\r\n\r\n\r\n\r\n<p>Velkommen!<\/p>\r\n[:]","protected":false},"excerpt":{"rendered":"<p>[:no] Senter for ern\u00e6ring har gleden av \u00e5 invitere til et nytt seminar i v\u00e5r seminarrekke. Serien tar opp sentrale utfordringer innen ern\u00e6ring og helse. Tid sted 23. september 2024 kl. 14.30 Aud. 4, BB-bygget Hva skjer? Speaker: Randi Jacobsen&hellip;<\/p>\n<p class=\"more-link-p\"><a class=\"more-link\" href=\"https:\/\/k2info.w.uib.no\/en\/2024\/08\/30\/senter-for-ernaering-presterer-the-oral-gateway-to-chronic-inflammatory-diseases\/\">Read more &rarr;<\/a><\/p>\n","protected":false},"author":5051,"featured_media":0,"comment_status":"open","ping_status":"open","sticky":false,"template":"","format":"standard","meta":{"footnotes":""},"categories":[45498],"tags":[],"class_list":["post-23750","post","type-post","status-publish","format-standard","hentry","category-seminar-kurs-og-konferanser"],"_links":{"self":[{"href":"https:\/\/k2info.w.uib.no\/en\/wp-json\/wp\/v2\/posts\/23750","targetHints":{"allow":["GET"]}}],"collection":[{"href":"https:\/\/k2info.w.uib.no\/en\/wp-json\/wp\/v2\/posts"}],"about":[{"href":"https:\/\/k2info.w.uib.no\/en\/wp-json\/wp\/v2\/types\/post"}],"author":[{"embeddable":true,"href":"https:\/\/k2info.w.uib.no\/en\/wp-json\/wp\/v2\/users\/5051"}],"replies":[{"embeddable":true,"href":"https:\/\/k2info.w.uib.no\/en\/wp-json\/wp\/v2\/comments?post=23750"}],"version-history":[{"count":3,"href":"https:\/\/k2info.w.uib.no\/en\/wp-json\/wp\/v2\/posts\/23750\/revisions"}],"predecessor-version":[{"id":23761,"href":"https:\/\/k2info.w.uib.no\/en\/wp-json\/wp\/v2\/posts\/23750\/revisions\/23761"}],"wp:attachment":[{"href":"https:\/\/k2info.w.uib.no\/en\/wp-json\/wp\/v2\/media?parent=23750"}],"wp:term":[{"taxonomy":"category","embeddable":true,"href":"https:\/\/k2info.w.uib.no\/en\/wp-json\/wp\/v2\/categories?post=23750"},{"taxonomy":"post_tag","embeddable":true,"href":"https:\/\/k2info.w.uib.no\/en\/wp-json\/wp\/v2\/tags?post=23750"}],"curies":[{"name":"wp","href":"https:\/\/api.w.org\/{rel}","templated":true}]}}