{"id":23180,"date":"2024-04-05T10:14:41","date_gmt":"2024-04-05T09:14:41","guid":{"rendered":"https:\/\/k2info.w.uib.no\/?p=23180"},"modified":"2024-04-05T10:14:41","modified_gmt":"2024-04-05T09:14:41","slug":"invitasjon-til-undersokelse-om-kritisk-tenkning","status":"publish","type":"post","link":"https:\/\/k2info.w.uib.no\/en\/2024\/04\/05\/invitasjon-til-undersokelse-om-kritisk-tenkning\/","title":{"rendered":"Invitasjon til unders\u00f8kelse om kritisk tenkning"},"content":{"rendered":"<p><strong>Invitasjon til unders\u00f8kelse om kritisk tenkning<br \/>\n<\/strong>Kj\u00e6re undervisere ved K1,<\/p>\n<p>Vi \u00f8nsker \u00e5 invitere dere til \u00e5 delta i en viktig unders\u00f8kelse knyttet til kritisk tenkning. Dette forskningsprosjektet har som m\u00e5l \u00e5 forst\u00e5 undervisernes perspektiver og tiln\u00e6rminger til kritisk tenkning i medisinsk utdanning.<\/p>\n<p>&nbsp;<\/p>\n<p><strong>Hva handler unders\u00f8kelsen om?<\/strong><\/p>\n<p>Unders\u00f8kelsen tar omtrent 10 minutter \u00e5 gjennomf\u00f8re og best\u00e5r av 5 \u00e5pne sp\u00f8rsm\u00e5l. Vi \u00f8nsker \u00e5 h\u00f8re deres tanker om hvordan kritisk tenkning kan integreres i undervisningen, hvilke metoder dere bruker, og eventuelle utfordringer dere m\u00f8ter.<\/p>\n<p>&nbsp;<\/p>\n<p><strong>Hvordan delta?<\/strong><\/p>\n<p>Dere finner unders\u00f8kelsen her: <u><a href=\"https:\/\/svar.uib.no\/LinkCollector?key=E5Z7JGURL5C2\">https:\/\/svar.uib.no\/LinkCollector?key=E5Z7JGURL5C2<\/a><\/u><\/p>\n<p>Anonymitet og personvern:<br \/>\nVi forsikrer dere om at unders\u00f8kelsen ikke ber om personlig informasjon, og vi vil ikke dele identifiserbare opplysninger. Svarene vil bli behandlet konfidensielt.<\/p>\n<p>&nbsp;<\/p>\n<p><strong>Ansvarlige for forskningsprosjektet<\/strong><\/p>\n<p>Dette forskningsprosjektet best\u00e5r av f\u00f8lgende personer:<\/p>\n<p><a href=\"https:\/\/www.uib.no\/personer\/Cecilie.Boge\">Jonathan Soule<\/a> (bioCEED, UiB)<br \/>\n<a href=\"https:\/\/www.uib.no\/personer\/Cecilie.Boge\">Cecilie Boge<\/a> (UiB l\u00e6ringslab)<br \/>\n<a href=\"https:\/\/www.researchgate.net\/profile\/Pascal-Schaldach\">Pascal Schaldach<\/a> (Leibniz University Hannover\/BIO UiB)<br \/>\n<a href=\"https:\/\/www.uib.no\/personer\/Cecilie.Boge\">Jorun Nylehn<\/a> (BIO, UiB)<\/p>\n<p>Vi setter stor pris p\u00e5 deres deltakelse og ser frem til \u00e5 l\u00e6re mer om deres perspektiver p\u00e5 kritisk tenkning i undervisningen!<\/p>\n<p>Best regards,<\/p>\n<p>Forskningsprosjektteamet<\/p>","protected":false},"excerpt":{"rendered":"<p>Invitasjon til unders\u00f8kelse om kritisk tenkning Kj\u00e6re undervisere ved K1, Vi \u00f8nsker \u00e5 invitere dere til \u00e5 delta i en viktig unders\u00f8kelse knyttet til kritisk tenkning. Dette forskningsprosjektet har som m\u00e5l \u00e5 forst\u00e5 undervisernes perspektiver og tiln\u00e6rminger til kritisk tenkning&hellip;<\/p>\n<p class=\"more-link-p\"><a class=\"more-link\" href=\"https:\/\/k2info.w.uib.no\/en\/2024\/04\/05\/invitasjon-til-undersokelse-om-kritisk-tenkning\/\">Read more &rarr;<\/a><\/p>","protected":false},"author":5096,"featured_media":0,"comment_status":"open","ping_status":"open","sticky":false,"template":"","format":"standard","meta":{"footnotes":""},"categories":[44],"tags":[],"class_list":["post-23180","post","type-post","status-publish","format-standard","hentry","category-nyheter"],"_links":{"self":[{"href":"https:\/\/k2info.w.uib.no\/en\/wp-json\/wp\/v2\/posts\/23180","targetHints":{"allow":["GET"]}}],"collection":[{"href":"https:\/\/k2info.w.uib.no\/en\/wp-json\/wp\/v2\/posts"}],"about":[{"href":"https:\/\/k2info.w.uib.no\/en\/wp-json\/wp\/v2\/types\/post"}],"author":[{"embeddable":true,"href":"https:\/\/k2info.w.uib.no\/en\/wp-json\/wp\/v2\/users\/5096"}],"replies":[{"embeddable":true,"href":"https:\/\/k2info.w.uib.no\/en\/wp-json\/wp\/v2\/comments?post=23180"}],"version-history":[{"count":1,"href":"https:\/\/k2info.w.uib.no\/en\/wp-json\/wp\/v2\/posts\/23180\/revisions"}],"predecessor-version":[{"id":23181,"href":"https:\/\/k2info.w.uib.no\/en\/wp-json\/wp\/v2\/posts\/23180\/revisions\/23181"}],"wp:attachment":[{"href":"https:\/\/k2info.w.uib.no\/en\/wp-json\/wp\/v2\/media?parent=23180"}],"wp:term":[{"taxonomy":"category","embeddable":true,"href":"https:\/\/k2info.w.uib.no\/en\/wp-json\/wp\/v2\/categories?post=23180"},{"taxonomy":"post_tag","embeddable":true,"href":"https:\/\/k2info.w.uib.no\/en\/wp-json\/wp\/v2\/tags?post=23180"}],"curies":[{"name":"wp","href":"https:\/\/api.w.org\/{rel}","templated":true}]}}