{"id":22872,"date":"2024-02-16T11:58:07","date_gmt":"2024-02-16T10:58:07","guid":{"rendered":"https:\/\/k2info.w.uib.no\/?p=22872"},"modified":"2024-02-16T11:58:07","modified_gmt":"2024-02-16T10:58:07","slug":"zoom-inn-pa-helse-miljo-og-sikkerhet-digitalt-denne-gangen","status":"publish","type":"post","link":"https:\/\/k2info.w.uib.no\/en\/2024\/02\/16\/zoom-inn-pa-helse-miljo-og-sikkerhet-digitalt-denne-gangen\/","title":{"rendered":"[:no]Zoom inn p\u00e5 helse, milj\u00f8 og sikkerhet \u2013 digitalt denne gangen[:en]Zoom in on Health, Environment, and Safety: A Prelude to HMS Day \u2013 the digital way[:]"},"content":{"rendered":"<p>[:no]<a href=\"https:\/\/k2info.w.uib.no\/files\/2023\/01\/Eystein-Husebye.jpg\"><img loading=\"lazy\" decoding=\"async\" class=\"alignleft wp-image-21145\" src=\"https:\/\/k2info.w.uib.no\/files\/2023\/01\/Eystein-Husebye.jpg\" alt=\"\" width=\"300\" height=\"375\" srcset=\"https:\/\/k2info.w.uib.no\/files\/2023\/01\/Eystein-Husebye.jpg 400w, https:\/\/k2info.w.uib.no\/files\/2023\/01\/Eystein-Husebye-240x300.jpg 240w\" sizes=\"auto, (max-width: 300px) 100vw, 300px\" \/><\/a><\/p>\n<p style=\"font-weight: 400\">I det Det medisinske fakultet ved Universitetet i Bergen forbereder seg p\u00e5 \u00e5 v\u00e6re vertskap for sin \u00e5rlige Helse-, Milj\u00f8- og Sikkerhetsdag (HMS), vokser forventningen til en opplysende og innflytelsesrik hendelse. M\u00f8tet finner sted onsdag 21. februar med start kl 12, og har som m\u00e5l \u00e5 prioritere trivsel, b\u00e6rekraft og sikkerhet innenfor v\u00e5rt akademiske fellesskap og utover dets grenser.<\/p>\n<p style=\"font-weight: 400\">En hj\u00f8rnestein i programmet er presentasjonen av HMS-koordinator \u00d8rjan Leren om handlingsplanen for HMS og fakultetets prioriteringer for 2024. Han vil skissere en strategi for \u00e5 redusere barrierer for h\u00f8yere utdanning. Videre vil seniorr\u00e5dgivere Nora Abdalla Mohammed og Michelle Iversen Badiane fra Studieavdelingen belyse prosjektet &laquo;Mangfoldige UiB &#8211; Ingen utenfor&raquo;.<\/p>\n<p style=\"font-weight: 400\">FPD Include Erasmus+ -prosjektet, presentert av f\u00f8rsteamanuensis Reidun Lisbet Skeide Kjome fra Institutt for global helse og prim\u00e6rhelsetjeneste, lover innsikt i \u00e5 fremme mangfold og inkludering innenfor akademiske settinger.<\/p>\n<p style=\"font-weight: 400\">Universitetets hovedverneombud, June Vibecke Knudtsen Indrevik, vil understreke viktigheten av et trygt arbeidsmilj\u00f8 for alle, og legge vekt p\u00e5 kollektivt ansvar og \u00e5rv\u00e5kenhet.<\/p>\n<p style=\"font-weight: 400\">N\u00e5r dagen n\u00e6rmer seg slutten, vil utdelingen av Arbeidsmilj\u00f8prisen 2023 av HMS-koordinator \u00d8rjan Leren v\u00e6re en passende avslutning, der fremragende bidrag for \u00e5 skape et trygt og sunt arbeidsmilj\u00f8 feires.<\/p>\n<p style=\"font-weight: 400\">Jeg h\u00e5per du blir inspirert og oppfordrer deg til \u00e5 delta, selv om det er et digitalt arrangement.<\/p>\n<p style=\"font-weight: 400\">Eystein Husebye<br \/>\nViseleder K2<\/p>\n<table style=\"font-weight: 400\" width=\"536\">\n<tbody>\n<tr>\n<td colspan=\"2\"><a href=\"https:\/\/uib.zoom.us\/j\/65464806396?pwd=R2N1VHhXNHRXanhRa3JzS1c3dkV0Zz09\">Join Zoom Meeting<\/a><\/td>\n<\/tr>\n<tr>\n<td width=\"118\">Meeting URL:<\/td>\n<td><a href=\"https:\/\/uib.zoom.us\/j\/65464806396?pwd=R2N1VHhXNHRXanhRa3JzS1c3dkV0Zz09\">https:\/\/uib.zoom.us\/j\/65464806396?pwd=R2N1VHhXNHRXanhRa3JzS1c3dkV0Zz09<\/a><\/td>\n<\/tr>\n<tr>\n<td width=\"118\">Meeting ID:<\/td>\n<td>654 6480 6396<\/td>\n<\/tr>\n<tr>\n<td width=\"118\">Password:<\/td>\n<td>yQ80h4zh<\/td>\n<\/tr>\n<\/tbody>\n<\/table>\n<p>[:en]<a href=\"https:\/\/k2info.w.uib.no\/files\/2023\/01\/Eystein-Husebye.jpg\"><img loading=\"lazy\" decoding=\"async\" class=\"alignleft wp-image-21145\" src=\"https:\/\/k2info.w.uib.no\/files\/2023\/01\/Eystein-Husebye.jpg\" alt=\"\" width=\"300\" height=\"375\" srcset=\"https:\/\/k2info.w.uib.no\/files\/2023\/01\/Eystein-Husebye.jpg 400w, https:\/\/k2info.w.uib.no\/files\/2023\/01\/Eystein-Husebye-240x300.jpg 240w\" sizes=\"auto, (max-width: 300px) 100vw, 300px\" \/><\/a><\/p>\n<p style=\"font-weight: 400\">As the University of Bergen&#8217;s Medical Faculty prepares to host its annual Health, Environment, and Safety (HMS) Day, anticipation mounts for an enlightening and impactful event. Scheduled to take place next Wednesday 21 February at noon, this day aims to prioritize well-being, sustainability, and safety within our academic community and beyond.<\/p>\n<p style=\"font-weight: 400\">A cornerstone of the program is the presentation by HMS Coordinator \u00d8rjan Leren on the Action Plan for HMS and the Faculty&#8217;s priorities for 2024. He will outline a strategy to reduce barriers for higher education. Further enriching the discourse, Senior Consultants Nora Abdalla Mohammed and Michelle Odette Iversen Badiane from the Study Department will shed light on the &laquo;Diverse UiB &#8211; No One Left Behind&raquo; project.<\/p>\n<p style=\"font-weight: 400\">The FPD Include Erasmus+ project, presented by Associate Professor Reidun Lisbet Skeide Kjome from the Department of Global Public Health and Primary Care, promises to offer insights into fostering diversity and inclusivity within academic settings.<\/p>\n<p style=\"font-weight: 400\">University Chief Safety Representative June Vibecke Knudtsen Indrevik will underscore the importance of a safe work environment for all, emphasizing collective responsibility and vigilance.<\/p>\n<p style=\"font-weight: 400\">As the day draws to a close, the presentation of the 2023 Work Environment Prize by HMS Coordinator \u00d8rjan Leren will be a fitting culmination, celebrating exemplary contributions to creating a safe and healthy workplace.<\/p>\n<p style=\"font-weight: 400\">I hope you are inspired and urge you to participate, even if it a digital event.<\/p>\n<p style=\"font-weight: 400\">Eystein Husebye<br \/>\nVice Head of K2<\/p>\n<table style=\"font-weight: 400\" width=\"536\">\n<tbody>\n<tr>\n<td colspan=\"2\"><a href=\"https:\/\/uib.zoom.us\/j\/65464806396?pwd=R2N1VHhXNHRXanhRa3JzS1c3dkV0Zz09\">Join Zoom Meeting<\/a><\/td>\n<\/tr>\n<tr>\n<td width=\"118\">Meeting URL:<\/td>\n<td><a href=\"https:\/\/uib.zoom.us\/j\/65464806396?pwd=R2N1VHhXNHRXanhRa3JzS1c3dkV0Zz09\">https:\/\/uib.zoom.us\/j\/65464806396?pwd=R2N1VHhXNHRXanhRa3JzS1c3dkV0Zz09<\/a><\/td>\n<\/tr>\n<tr>\n<td width=\"118\">Meeting ID:<\/td>\n<td>654 6480 6396<\/td>\n<\/tr>\n<tr>\n<td width=\"118\">Password:<\/td>\n<td>yQ80h4zh<\/td>\n<\/tr>\n<\/tbody>\n<\/table>\n<p>[:]<\/p>\n","protected":false},"excerpt":{"rendered":"<p>[:no] I det Det medisinske fakultet ved Universitetet i Bergen forbereder seg p\u00e5 \u00e5 v\u00e6re vertskap for sin \u00e5rlige Helse-, Milj\u00f8- og Sikkerhetsdag (HMS), vokser forventningen til en opplysende og innflytelsesrik hendelse. M\u00f8tet finner sted onsdag 21. februar med start&hellip;<\/p>\n<p class=\"more-link-p\"><a class=\"more-link\" href=\"https:\/\/k2info.w.uib.no\/en\/2024\/02\/16\/zoom-inn-pa-helse-miljo-og-sikkerhet-digitalt-denne-gangen\/\">Read more &rarr;<\/a><\/p>\n","protected":false},"author":5306,"featured_media":0,"comment_status":"open","ping_status":"open","sticky":false,"template":"","format":"standard","meta":{"footnotes":""},"categories":[44,39969],"tags":[],"class_list":["post-22872","post","type-post","status-publish","format-standard","hentry","category-nyheter","category-ukens-leder"],"_links":{"self":[{"href":"https:\/\/k2info.w.uib.no\/en\/wp-json\/wp\/v2\/posts\/22872","targetHints":{"allow":["GET"]}}],"collection":[{"href":"https:\/\/k2info.w.uib.no\/en\/wp-json\/wp\/v2\/posts"}],"about":[{"href":"https:\/\/k2info.w.uib.no\/en\/wp-json\/wp\/v2\/types\/post"}],"author":[{"embeddable":true,"href":"https:\/\/k2info.w.uib.no\/en\/wp-json\/wp\/v2\/users\/5306"}],"replies":[{"embeddable":true,"href":"https:\/\/k2info.w.uib.no\/en\/wp-json\/wp\/v2\/comments?post=22872"}],"version-history":[{"count":2,"href":"https:\/\/k2info.w.uib.no\/en\/wp-json\/wp\/v2\/posts\/22872\/revisions"}],"predecessor-version":[{"id":22875,"href":"https:\/\/k2info.w.uib.no\/en\/wp-json\/wp\/v2\/posts\/22872\/revisions\/22875"}],"wp:attachment":[{"href":"https:\/\/k2info.w.uib.no\/en\/wp-json\/wp\/v2\/media?parent=22872"}],"wp:term":[{"taxonomy":"category","embeddable":true,"href":"https:\/\/k2info.w.uib.no\/en\/wp-json\/wp\/v2\/categories?post=22872"},{"taxonomy":"post_tag","embeddable":true,"href":"https:\/\/k2info.w.uib.no\/en\/wp-json\/wp\/v2\/tags?post=22872"}],"curies":[{"name":"wp","href":"https:\/\/api.w.org\/{rel}","templated":true}]}}