{"id":22823,"date":"2024-02-13T10:14:22","date_gmt":"2024-02-13T09:14:22","guid":{"rendered":"https:\/\/k2info.w.uib.no\/?p=22823"},"modified":"2024-02-13T10:14:22","modified_gmt":"2024-02-13T09:14:22","slug":"vestlandslege-kolleger-jostein-forsvoll","status":"publish","type":"post","link":"https:\/\/k2info.w.uib.no\/en\/2024\/02\/13\/vestlandslege-kolleger-jostein-forsvoll\/","title":{"rendered":"[:no]Vestlandslege kolleger &#8211; Jostein F\u00f8rsvoll[:en]Colleagues Vestlandslegen &#8211; Jostein F\u00f8rsvoll[:]"},"content":{"rendered":"<p>[:no]Hei kj\u00e6re kolleger i K2,<\/p>\n<p>Jeg er Jostein Andersen F\u00f8rsvoll og arbeider ved Stavanger Universitetssjukehus. Her arbeider jeg som overlege ved Barne- og Ungdomsklinikken med fagansvar for barneendokrinologi.<\/p>\n<p>F\u00f8rste februar tiltrer jeg som f\u00f8rsteamanuensis og fagkoordinator p\u00e5 5.studiea\u030ar for Vestlandslegen.<\/p>\n<div id=\"attachment_22824\" style=\"width: 310px\" class=\"wp-caption alignnone\"><a href=\"https:\/\/k2info.w.uib.no\/files\/2024\/02\/Jostein_Forsvoll.jpeg\"><img loading=\"lazy\" decoding=\"async\" aria-describedby=\"caption-attachment-22824\" class=\" wp-image-22824\" src=\"https:\/\/k2info.w.uib.no\/files\/2024\/02\/Jostein_Forsvoll.jpeg\" alt=\"\" width=\"300\" height=\"399\" srcset=\"https:\/\/k2info.w.uib.no\/files\/2024\/02\/Jostein_Forsvoll.jpeg 481w, https:\/\/k2info.w.uib.no\/files\/2024\/02\/Jostein_Forsvoll-225x300.jpeg 225w\" sizes=\"auto, (max-width: 300px) 100vw, 300px\" \/><\/a><p id=\"caption-attachment-22824\" class=\"wp-caption-text\">Foto:.\/ill: Privat<\/p><\/div>\n<p>Jeg har arbeidet som universitetslektor i mange \u00e5r, og har v\u00e6rt med p\u00e5 \u00e5 undervise medisinstudenter som har hatt \u00abdesentral\u00bb pediatripraksis i Stavanger. Jeg liker godt \u00e5 undervise, og synes dette arbeidet har v\u00e6rt givende. Vestlandslegen opplever jeg som en naturlig fortsettelse av samarbeidet mellom sykehuset v\u00e5rt og Universitetet i Bergen. Jeg \u00f8nsker \u00e5 v\u00e6re med p\u00e5 og forme et godt studiemilj\u00f8 for studenter og for undervisere p\u00e5 det 5. studie\u00e5ret, og jeg ser frem til oppstart til h\u00f8sten.<\/p>\n<p>P\u00e5 litt sikt h\u00e5per jeg ogs\u00e5 at denne stillingen vil gi rom for forskning, og at jeg kan bidra til \u00e5 til prosjekter som skaper fag- og forskningssamarbeid mellom Barne- og Ungdomsklinikkene p\u00e5 Vestlandet.[:en]Hello dear colleagues at K2,<\/p>\n<p>I am Jostein Andersen F\u00f8rsvoll and work at Stavanger University Hospital. Here, I serve as a senior consultant at the Department of Pediatrics with expertise in pediatric endocrinology.<\/p>\n<p>On February 1st, I will assume the position of associate professor and academic coordinator for the 5th year at Vestlandslegen.<\/p>\n<div id=\"attachment_22824\" style=\"width: 310px\" class=\"wp-caption alignnone\"><a href=\"https:\/\/k2info.w.uib.no\/files\/2024\/02\/Jostein_Forsvoll.jpeg\"><img loading=\"lazy\" decoding=\"async\" aria-describedby=\"caption-attachment-22824\" class=\" wp-image-22824\" src=\"https:\/\/k2info.w.uib.no\/files\/2024\/02\/Jostein_Forsvoll.jpeg\" alt=\"\" width=\"300\" height=\"399\" srcset=\"https:\/\/k2info.w.uib.no\/files\/2024\/02\/Jostein_Forsvoll.jpeg 481w, https:\/\/k2info.w.uib.no\/files\/2024\/02\/Jostein_Forsvoll-225x300.jpeg 225w\" sizes=\"auto, (max-width: 300px) 100vw, 300px\" \/><\/a><p id=\"caption-attachment-22824\" class=\"wp-caption-text\">Foto:.\/ill: Privat<\/p><\/div>\n<p>I have worked as a university lecturer for many years and have been involved in teaching medical students who have had decentralized pediatric practice in Stavanger. I enjoy teaching and find this work rewarding. I see Vestlandslegen as a natural continuation of the collaboration between our hospital and the University of Bergen. I want to contribute to creating a positive learning environment for students and educators in the 5th year, and I look forward to the start this fall.<\/p>\n<p>In the long run, I hope that this position will also provide opportunities for research, and that I can contribute to projects that foster academic and research collaboration among the pediatric departments in the West of Norway.[:]<\/p>\n","protected":false},"excerpt":{"rendered":"<p>[:no]Hei kj\u00e6re kolleger i K2, Jeg er Jostein Andersen F\u00f8rsvoll og arbeider ved Stavanger Universitetssjukehus. Her arbeider jeg som overlege ved Barne- og Ungdomsklinikken med fagansvar for barneendokrinologi. F\u00f8rste februar tiltrer jeg som f\u00f8rsteamanuensis og fagkoordinator p\u00e5 5.studiea\u030ar for Vestlandslegen.&hellip;<\/p>\n<p class=\"more-link-p\"><a class=\"more-link\" href=\"https:\/\/k2info.w.uib.no\/en\/2024\/02\/13\/vestlandslege-kolleger-jostein-forsvoll\/\">Read more &rarr;<\/a><\/p>\n","protected":false},"author":5096,"featured_media":0,"comment_status":"open","ping_status":"open","sticky":false,"template":"","format":"standard","meta":{"footnotes":""},"categories":[65036,201668],"tags":[],"class_list":["post-22823","post","type-post","status-publish","format-standard","hentry","category-nytt-om-navn","category-vestlandslegen"],"_links":{"self":[{"href":"https:\/\/k2info.w.uib.no\/en\/wp-json\/wp\/v2\/posts\/22823","targetHints":{"allow":["GET"]}}],"collection":[{"href":"https:\/\/k2info.w.uib.no\/en\/wp-json\/wp\/v2\/posts"}],"about":[{"href":"https:\/\/k2info.w.uib.no\/en\/wp-json\/wp\/v2\/types\/post"}],"author":[{"embeddable":true,"href":"https:\/\/k2info.w.uib.no\/en\/wp-json\/wp\/v2\/users\/5096"}],"replies":[{"embeddable":true,"href":"https:\/\/k2info.w.uib.no\/en\/wp-json\/wp\/v2\/comments?post=22823"}],"version-history":[{"count":1,"href":"https:\/\/k2info.w.uib.no\/en\/wp-json\/wp\/v2\/posts\/22823\/revisions"}],"predecessor-version":[{"id":22825,"href":"https:\/\/k2info.w.uib.no\/en\/wp-json\/wp\/v2\/posts\/22823\/revisions\/22825"}],"wp:attachment":[{"href":"https:\/\/k2info.w.uib.no\/en\/wp-json\/wp\/v2\/media?parent=22823"}],"wp:term":[{"taxonomy":"category","embeddable":true,"href":"https:\/\/k2info.w.uib.no\/en\/wp-json\/wp\/v2\/categories?post=22823"},{"taxonomy":"post_tag","embeddable":true,"href":"https:\/\/k2info.w.uib.no\/en\/wp-json\/wp\/v2\/tags?post=22823"}],"curies":[{"name":"wp","href":"https:\/\/api.w.org\/{rel}","templated":true}]}}