{"id":22038,"date":"2023-09-01T10:06:10","date_gmt":"2023-09-01T09:06:10","guid":{"rendered":"https:\/\/k2info.w.uib.no\/?p=22038"},"modified":"2023-08-31T23:11:32","modified_gmt":"2023-08-31T22:11:32","slug":"ukens-leder-85","status":"publish","type":"post","link":"https:\/\/k2info.w.uib.no\/en\/2023\/09\/01\/ukens-leder-85\/","title":{"rendered":"[:no]Ukens leder[:en]Editorial[:]"},"content":{"rendered":"<p>[:no]<\/p>\n<p style=\"font-weight: 400\">Kj\u00e6re alle sammen!<a href=\"http:\/\/k2info.w.uib.no\/files\/2022\/04\/Susanna-scaled-e1693519702914.jpg\"><br \/>\n<\/a><br \/>\nSom nevnt f\u00f8r sommeren er forskningsr\u00e5dets <a href=\"https:\/\/www.forskningsradet.no\/tall-analyse\/evalueringer\/fag-tema\/medisin-helsefag\/\">evaluering av medisin og helsefag<\/a> p\u00e5 gang. K2 har meldt inn 9 forskningsgrupper. I tillegg til forskningsgruppene skal ogs\u00e5 instituttet som administrativ enhet evalueres som helhet.<\/p>\n<p style=\"font-weight: 400\">Evalueringen er en flerstegsprosess:<\/p>\n<ul>\n<li>Utforming av evalueringsmandater (Terms of Reference)<\/li>\n<li>Datainnsamling<\/li>\n<li>Vurdering og evaluering av data<\/li>\n<\/ul>\n<p style=\"font-weight: 400\">Til dette trenger vi hjelp av forskningsgruppene som er meldt inn. Kontaktpersoner i de aktuelle forskningsgruppene vil bli invitert til en rekke arbeidsm\u00f8ter i l\u00f8pet av h\u00f8sten.<\/p>\n<p style=\"font-weight: 400\">Ettersom hele K2 ogs\u00e5 skal evalueres, er det viktig at v\u00e5r online tilstedev\u00e6relse er oppdatert. Oppfordring til alle forskningsgrupper: se gjennom deres tekster p\u00e5 <a href=\"https:\/\/www.uib.no\/klin2\/63844\/forskningsgrupper\">K2 sine websider<\/a> (som ogs\u00e5 trenger en oppgradering, vi jobber med saken!), redigere og oppdatere og send en ny versjon til din tildelt webredakt\u00f8r (eller <a href=\"mailto:Irene%20Lavik%20Hjelmaas%20%3cIrene.Hjelmaas@uib.no%3e\">Irene Hjelmaas<\/a> og <a href=\"mailto:Christina%20Marie%20Rainer%20Flornes%20%3cChristina.Flornes@uib.no%3e\">Christina Flornes<\/a> som kan hjelpe med det tekniske).<\/p>\n<p style=\"font-weight: 400\">Vi har ogs\u00e5 en rekke vitenskapelig ansatte som ikke er medlem i noen forskningsgruppe. Det er ikke bra, alle m\u00e5 ha tilh\u00f8righet til (minst) en forskningsgruppe (og forresten ogs\u00e5 undervisningsgruppe for dem det gjelder). Er du usikker hvor du tilh\u00f8rer? Ta kontakt en av oss!<\/p>\n<p style=\"font-weight: 400\">God helg i solen!<\/p>\n<p style=\"font-weight: 400\">Susanna og Silke<\/p>\n<p><a href=\"http:\/\/k2info.w.uib.no\/files\/2022\/04\/Susanna-scaled-e1693519702914.jpg\"><img loading=\"lazy\" decoding=\"async\" class=\"alignnone wp-image-20199\" src=\"http:\/\/k2info.w.uib.no\/files\/2022\/04\/Susanna-scaled-e1693519702914.jpg\" alt=\"\" width=\"240\" height=\"341\" srcset=\"https:\/\/k2info.w.uib.no\/files\/2022\/04\/Susanna-scaled-e1693519702914.jpg 1004w, https:\/\/k2info.w.uib.no\/files\/2022\/04\/Susanna-scaled-e1693519702914-211x300.jpg 211w, https:\/\/k2info.w.uib.no\/files\/2022\/04\/Susanna-scaled-e1693519702914-720x1024.jpg 720w, https:\/\/k2info.w.uib.no\/files\/2022\/04\/Susanna-scaled-e1693519702914-768x1092.jpg 768w, https:\/\/k2info.w.uib.no\/files\/2022\/04\/Susanna-scaled-e1693519702914-624x887.jpg 624w\" sizes=\"auto, (max-width: 240px) 100vw, 240px\" \/> <\/a><a href=\"http:\/\/k2info.w.uib.no\/files\/2021\/01\/Silke-Appel.jpg\"><img loading=\"lazy\" decoding=\"async\" class=\"alignnone wp-image-18754\" src=\"http:\/\/k2info.w.uib.no\/files\/2021\/01\/Silke-Appel.jpg\" alt=\"\" width=\"272\" height=\"340\" srcset=\"https:\/\/k2info.w.uib.no\/files\/2021\/01\/Silke-Appel.jpg 400w, https:\/\/k2info.w.uib.no\/files\/2021\/01\/Silke-Appel-240x300.jpg 240w\" sizes=\"auto, (max-width: 272px) 100vw, 272px\" \/><\/a>[:en]<\/p>\n<p style=\"font-weight: 400\">Dear everyone!<\/p>\n<p style=\"font-weight: 400\">As mentioned before the summer, the Research Council&#8217;s <a href=\"https:\/\/www.forskningsradet.no\/tall-analyse\/evalueringer\/fag-tema\/medisin-helsefag\/\">evaluation of medicine and health sciences is <\/a>\u00a0underway. K2 has registered 9 research groups. In addition to the research groups, the department as an administrative unit will also be evaluated as a whole.<\/p>\n<p style=\"font-weight: 400\">The evaluation is a multi-step process:<\/p>\n<ol>\n<li>Specify the Terms of Reference)<\/li>\n<li>Data collection<\/li>\n<li>Assessment and evaluation of data<\/li>\n<\/ol>\n<p style=\"font-weight: 400\">For this we need the help of the research groups that have been registered. Contact persons in the relevant research groups will be invited to a number of workshops during the autumn.<\/p>\n<p style=\"font-weight: 400\">As the entire K2 will also be evaluated, it is important that our online presence is updated. Encouragement to all research groups: look through your texts\u00a0 on <a href=\"https:\/\/www.uib.no\/klin2\/63844\/forskningsgrupper\">K2&#8217;s web pages<\/a> (which also need an upgrade, we are working on it!), edit and update and send a new version to your assigned web editor (or <a href=\"mailto:Irene%20Lavik%20Hjelmaas%20%3cIrene.Hjelmaas@uib.no%3e\">Irene Hjelmaas<\/a> and <a href=\"mailto:Christina%20Marie%20Rainer%20Flornes%20%3cChristina.Flornes@uib.no%3e\">Christina Flornes<\/a> who can help with the technicalities).<\/p>\n<p style=\"font-weight: 400\">We also have a number of academic staff who are not members of any research group. That&#8217;s not good, everyone must belong to (at least) a research group (and by the way also a teaching group for those concerned). Not sure where you belong? Get in touch with one of us!<\/p>\n<p style=\"font-weight: 400\">Happy weekend in the sun!<\/p>\n<p style=\"font-weight: 400\">Susanna og Silke<\/p>\n<p style=\"font-weight: 400\"><a href=\"http:\/\/k2info.w.uib.no\/files\/2022\/04\/Susanna-scaled-e1693519702914.jpg\"><img loading=\"lazy\" decoding=\"async\" class=\"alignnone wp-image-20199\" src=\"http:\/\/k2info.w.uib.no\/files\/2022\/04\/Susanna-scaled-e1693519702914.jpg\" alt=\"\" width=\"240\" height=\"341\" srcset=\"https:\/\/k2info.w.uib.no\/files\/2022\/04\/Susanna-scaled-e1693519702914.jpg 1004w, https:\/\/k2info.w.uib.no\/files\/2022\/04\/Susanna-scaled-e1693519702914-211x300.jpg 211w, https:\/\/k2info.w.uib.no\/files\/2022\/04\/Susanna-scaled-e1693519702914-720x1024.jpg 720w, https:\/\/k2info.w.uib.no\/files\/2022\/04\/Susanna-scaled-e1693519702914-768x1092.jpg 768w, https:\/\/k2info.w.uib.no\/files\/2022\/04\/Susanna-scaled-e1693519702914-624x887.jpg 624w\" sizes=\"auto, (max-width: 240px) 100vw, 240px\" \/> <\/a><a href=\"http:\/\/k2info.w.uib.no\/files\/2021\/01\/Silke-Appel.jpg\"><img loading=\"lazy\" decoding=\"async\" class=\"alignnone wp-image-18754\" src=\"http:\/\/k2info.w.uib.no\/files\/2021\/01\/Silke-Appel.jpg\" alt=\"\" width=\"272\" height=\"340\" srcset=\"https:\/\/k2info.w.uib.no\/files\/2021\/01\/Silke-Appel.jpg 400w, https:\/\/k2info.w.uib.no\/files\/2021\/01\/Silke-Appel-240x300.jpg 240w\" sizes=\"auto, (max-width: 272px) 100vw, 272px\" \/><\/a><\/p>\n<p>[:]<\/p>\n","protected":false},"excerpt":{"rendered":"<p>[:no] Kj\u00e6re alle sammen! Som nevnt f\u00f8r sommeren er forskningsr\u00e5dets evaluering av medisin og helsefag p\u00e5 gang. K2 har meldt inn 9 forskningsgrupper. I tillegg til forskningsgruppene skal ogs\u00e5 instituttet som administrativ enhet evalueres som helhet. Evalueringen er en flerstegsprosess:&hellip;<\/p>\n<p class=\"more-link-p\"><a class=\"more-link\" href=\"https:\/\/k2info.w.uib.no\/en\/2023\/09\/01\/ukens-leder-85\/\">Read more &rarr;<\/a><\/p>\n","protected":false},"author":5236,"featured_media":0,"comment_status":"open","ping_status":"open","sticky":false,"template":"","format":"standard","meta":{"footnotes":""},"categories":[39969],"tags":[],"class_list":["post-22038","post","type-post","status-publish","format-standard","hentry","category-ukens-leder"],"_links":{"self":[{"href":"https:\/\/k2info.w.uib.no\/en\/wp-json\/wp\/v2\/posts\/22038","targetHints":{"allow":["GET"]}}],"collection":[{"href":"https:\/\/k2info.w.uib.no\/en\/wp-json\/wp\/v2\/posts"}],"about":[{"href":"https:\/\/k2info.w.uib.no\/en\/wp-json\/wp\/v2\/types\/post"}],"author":[{"embeddable":true,"href":"https:\/\/k2info.w.uib.no\/en\/wp-json\/wp\/v2\/users\/5236"}],"replies":[{"embeddable":true,"href":"https:\/\/k2info.w.uib.no\/en\/wp-json\/wp\/v2\/comments?post=22038"}],"version-history":[{"count":1,"href":"https:\/\/k2info.w.uib.no\/en\/wp-json\/wp\/v2\/posts\/22038\/revisions"}],"predecessor-version":[{"id":22039,"href":"https:\/\/k2info.w.uib.no\/en\/wp-json\/wp\/v2\/posts\/22038\/revisions\/22039"}],"wp:attachment":[{"href":"https:\/\/k2info.w.uib.no\/en\/wp-json\/wp\/v2\/media?parent=22038"}],"wp:term":[{"taxonomy":"category","embeddable":true,"href":"https:\/\/k2info.w.uib.no\/en\/wp-json\/wp\/v2\/categories?post=22038"},{"taxonomy":"post_tag","embeddable":true,"href":"https:\/\/k2info.w.uib.no\/en\/wp-json\/wp\/v2\/tags?post=22038"}],"curies":[{"name":"wp","href":"https:\/\/api.w.org\/{rel}","templated":true}]}}