{"id":21561,"date":"2023-04-20T10:43:48","date_gmt":"2023-04-20T09:43:48","guid":{"rendered":"https:\/\/k2info.w.uib.no\/?p=21561"},"modified":"2023-04-20T10:43:48","modified_gmt":"2023-04-20T09:43:48","slug":"informasjon-om-omlegging-av-personlig-lagringsomrade-for-ansatte","status":"publish","type":"post","link":"https:\/\/k2info.w.uib.no\/en\/2023\/04\/20\/informasjon-om-omlegging-av-personlig-lagringsomrade-for-ansatte\/","title":{"rendered":"[:no]Informasjon om omlegging av personlig lagringsomr\u00e5de for ansatte[:]"},"content":{"rendered":"<p>[:no]I l\u00f8pet av v\u00e5ren 2023 vil det personlige Windows lagringsomr\u00e5det for alle brukere bli flyttet til OneDrive. OneDrive er en mer fleksibel lagringstjeneste med helt andre muligheter for bl.a. tilgang og deling\/samhandling. L\u00f8sningen er allerede godt etablert ved UiB. Samkj\u00f8ring til OneDrive vil gi en bedre opplevelse for brukerne og dessuten gi en stor kostnadsbesparelse for UiB.<\/p>\n<p>Omleggingen ang\u00e5r alle ansatte som bruker dagens O: omr\u00e5det til lagring av filer. Dette gjelder ikke andre lagringsomr\u00e5der som er i bruk. Studenter benytter seg allerede av OneDrive som personlig fillager. Arbeidet vil foreg\u00e5 i perioden medio mars til slutten av mai 2023.<\/p>\n<p>IT-avdelingen vil st\u00e5 for gjennomf\u00f8ring og kontakt med de ber\u00f8rte brukerne. Vi kommer til \u00e5 ta oss av selve filkopieringen i bakgrunnen, mens brukerne kan fortsette \u00e5 jobbe som vanlig.<\/p>\n<p>Alle ber\u00f8rte brukere vil under omleggingen f\u00e5 flere e-poster fra IT-avdelingen:<\/p>\n<ul>\n<li>F\u00f8rste e-post sendes medio mars for \u00e5 orientere alle brukere om flyttingen og gi informasjon om omleggingen<\/li>\n<li>Andre e-post sendes om morgenen samme dag som hjemmeomr\u00e5det blirflyttet for brukeren med informasjon om tidspunkt<\/li>\n<li>Neste e-post vil varsle n\u00e5r flyttingen effektueres.<\/li>\n<li>Siste e-post informerer brukeren om at kopiering av filene er avsluttet. Denne sendes vanligvis dagen etter. Om aktuelt legges det ved en rapport over filer som ikke ble kopiert.<\/li>\n<\/ul>\n<p>Mer informasjon om omleggingen finnes p\u00e5 norsk: <a href=\"https:\/\/hjelp.uib.no\/solutions\/open-knowledge-items\/item\/KI%201861\/no\/\">Knowledge Base (uib.no) <\/a>og engelsk: <a href=\"https:\/\/hjelp.uib.no\/solutions\/open-knowledge-items\/item\/KI%201861\/en\/\">Knowledge Base (uib.no)<\/a><\/p>\n<p>Utvidet informasjon om Onedrive finnes i UiB hjelp.[:]<\/p>\n","protected":false},"excerpt":{"rendered":"<p>[:no]I l\u00f8pet av v\u00e5ren 2023 vil det personlige Windows lagringsomr\u00e5det for alle brukere bli flyttet til OneDrive. OneDrive er en mer fleksibel lagringstjeneste med helt andre muligheter for bl.a. tilgang og deling\/samhandling. L\u00f8sningen er allerede godt etablert ved UiB. Samkj\u00f8ring&hellip;<\/p>\n<p class=\"more-link-p\"><a class=\"more-link\" href=\"https:\/\/k2info.w.uib.no\/en\/2023\/04\/20\/informasjon-om-omlegging-av-personlig-lagringsomrade-for-ansatte\/\">Read more &rarr;<\/a><\/p>\n","protected":false},"author":4848,"featured_media":0,"comment_status":"open","ping_status":"open","sticky":false,"template":"","format":"standard","meta":{"footnotes":""},"categories":[44],"tags":[],"class_list":["post-21561","post","type-post","status-publish","format-standard","hentry","category-nyheter"],"_links":{"self":[{"href":"https:\/\/k2info.w.uib.no\/en\/wp-json\/wp\/v2\/posts\/21561","targetHints":{"allow":["GET"]}}],"collection":[{"href":"https:\/\/k2info.w.uib.no\/en\/wp-json\/wp\/v2\/posts"}],"about":[{"href":"https:\/\/k2info.w.uib.no\/en\/wp-json\/wp\/v2\/types\/post"}],"author":[{"embeddable":true,"href":"https:\/\/k2info.w.uib.no\/en\/wp-json\/wp\/v2\/users\/4848"}],"replies":[{"embeddable":true,"href":"https:\/\/k2info.w.uib.no\/en\/wp-json\/wp\/v2\/comments?post=21561"}],"version-history":[{"count":1,"href":"https:\/\/k2info.w.uib.no\/en\/wp-json\/wp\/v2\/posts\/21561\/revisions"}],"predecessor-version":[{"id":21562,"href":"https:\/\/k2info.w.uib.no\/en\/wp-json\/wp\/v2\/posts\/21561\/revisions\/21562"}],"wp:attachment":[{"href":"https:\/\/k2info.w.uib.no\/en\/wp-json\/wp\/v2\/media?parent=21561"}],"wp:term":[{"taxonomy":"category","embeddable":true,"href":"https:\/\/k2info.w.uib.no\/en\/wp-json\/wp\/v2\/categories?post=21561"},{"taxonomy":"post_tag","embeddable":true,"href":"https:\/\/k2info.w.uib.no\/en\/wp-json\/wp\/v2\/tags?post=21561"}],"curies":[{"name":"wp","href":"https:\/\/api.w.org\/{rel}","templated":true}]}}