{"id":21447,"date":"2023-03-21T19:38:40","date_gmt":"2023-03-21T18:38:40","guid":{"rendered":"https:\/\/k2info.w.uib.no\/?p=21447"},"modified":"2023-03-21T19:38:40","modified_gmt":"2023-03-21T18:38:40","slug":"bli-med-pa-forskningsdagene","status":"publish","type":"post","link":"https:\/\/k2info.w.uib.no\/en\/2023\/03\/21\/bli-med-pa-forskningsdagene\/","title":{"rendered":"[:no]Bli med p\u00e5 forskningsdagene[:]"},"content":{"rendered":"<p>[:no]Forskningsdagene arrangeres fra 20. september &#8211; 1. oktober 2023. Meld interesse for \u00e5 bidra under forskningsfestivalen!<\/p>\n<p>Forskningsdagene (20.09.-01.10.23)\u00a0er en \u00e5rlig, nasjonal festival i regi av Norges Forskningsr\u00e5d. <a href=\"https:\/\/www.forskningsdagenebergen.com\/\">I Bergen arrangeres Forskningsdagene <\/a>som et samarbeid mellom byens sentrale forsknings- og utdanningsinstitusjoner der UiB er den st\u00f8rste bidragsyteren. Forskningsdagene er en glimrende mulighet til \u00e5 formidle forskning ut til et bredt publikum og gj\u00f8re UiB-forskningen bedre kjent &#8211; b\u00e5de lokalt, regionalt og nasjonalt.<\/p>\n<p><a href=\"https:\/\/www.uib.no\/foransatte\/17362\/forskningsdagene\">https:\/\/www.uib.no\/foransatte\/17362\/forskningsdagene<\/a>[:]<\/p>\n","protected":false},"excerpt":{"rendered":"<p>[:no]Forskningsdagene arrangeres fra 20. september &#8211; 1. oktober 2023. Meld interesse for \u00e5 bidra under forskningsfestivalen! Forskningsdagene (20.09.-01.10.23)\u00a0er en \u00e5rlig, nasjonal festival i regi av Norges Forskningsr\u00e5d. I Bergen arrangeres Forskningsdagene som et samarbeid mellom byens sentrale forsknings- og utdanningsinstitusjoner&hellip;<\/p>\n<p class=\"more-link-p\"><a class=\"more-link\" href=\"https:\/\/k2info.w.uib.no\/en\/2023\/03\/21\/bli-med-pa-forskningsdagene\/\">Read more &rarr;<\/a><\/p>\n","protected":false},"author":4848,"featured_media":0,"comment_status":"open","ping_status":"open","sticky":false,"template":"","format":"standard","meta":{"footnotes":""},"categories":[44,45498],"tags":[],"class_list":["post-21447","post","type-post","status-publish","format-standard","hentry","category-nyheter","category-seminar-kurs-og-konferanser"],"_links":{"self":[{"href":"https:\/\/k2info.w.uib.no\/en\/wp-json\/wp\/v2\/posts\/21447","targetHints":{"allow":["GET"]}}],"collection":[{"href":"https:\/\/k2info.w.uib.no\/en\/wp-json\/wp\/v2\/posts"}],"about":[{"href":"https:\/\/k2info.w.uib.no\/en\/wp-json\/wp\/v2\/types\/post"}],"author":[{"embeddable":true,"href":"https:\/\/k2info.w.uib.no\/en\/wp-json\/wp\/v2\/users\/4848"}],"replies":[{"embeddable":true,"href":"https:\/\/k2info.w.uib.no\/en\/wp-json\/wp\/v2\/comments?post=21447"}],"version-history":[{"count":1,"href":"https:\/\/k2info.w.uib.no\/en\/wp-json\/wp\/v2\/posts\/21447\/revisions"}],"predecessor-version":[{"id":21448,"href":"https:\/\/k2info.w.uib.no\/en\/wp-json\/wp\/v2\/posts\/21447\/revisions\/21448"}],"wp:attachment":[{"href":"https:\/\/k2info.w.uib.no\/en\/wp-json\/wp\/v2\/media?parent=21447"}],"wp:term":[{"taxonomy":"category","embeddable":true,"href":"https:\/\/k2info.w.uib.no\/en\/wp-json\/wp\/v2\/categories?post=21447"},{"taxonomy":"post_tag","embeddable":true,"href":"https:\/\/k2info.w.uib.no\/en\/wp-json\/wp\/v2\/tags?post=21447"}],"curies":[{"name":"wp","href":"https:\/\/api.w.org\/{rel}","templated":true}]}}