{"id":20624,"date":"2022-09-30T10:44:32","date_gmt":"2022-09-30T09:44:32","guid":{"rendered":"https:\/\/k2info.w.uib.no\/?p=20624"},"modified":"2022-09-30T10:44:32","modified_gmt":"2022-09-30T09:44:32","slug":"dialogmoter","status":"publish","type":"post","link":"https:\/\/k2info.w.uib.no\/en\/2022\/09\/30\/dialogmoter\/","title":{"rendered":"[:no]Dialogm\u00f8ter[:]"},"content":{"rendered":"<p>[:no]I arbeidet med ny strategi gjennomf\u00f8rer UiB dialogm\u00f8ter med ansatte og studenter ved fakultetene. Fredag 14. oktober arrangeres det et fellesm\u00f8te for Det samfunnsvitenskapelige fakultet, Fakultet for kunst, musikk og design, Det medisinske fakultet og Det matematisk-naturvitenskapelige fakultet.<\/p>\n<p>Vi oppfordrer alle som har anledning til \u00e5 delta. Informasjon om m\u00f8tet finner du p\u00e5 nettsiden nedenfor \u2013 som oppdateres med lenke til det digitale m\u00f8tet i forkant av arrangementet:<\/p>\n<p><a href=\"https:\/\/www.uib.no\/strategi\/156795\/digitalt-dialogm%C3%B8te-fakultetene\">https:\/\/www.uib.no\/strategi\/156795\/digitalt-dialogm%C3%B8te-fakultetene<\/a>[:]<\/p>\n","protected":false},"excerpt":{"rendered":"<p>[:no]I arbeidet med ny strategi gjennomf\u00f8rer UiB dialogm\u00f8ter med ansatte og studenter ved fakultetene. Fredag 14. oktober arrangeres det et fellesm\u00f8te for Det samfunnsvitenskapelige fakultet, Fakultet for kunst, musikk og design, Det medisinske fakultet og Det matematisk-naturvitenskapelige fakultet. Vi oppfordrer&hellip;<\/p>\n<p class=\"more-link-p\"><a class=\"more-link\" href=\"https:\/\/k2info.w.uib.no\/en\/2022\/09\/30\/dialogmoter\/\">Read more &rarr;<\/a><\/p>\n","protected":false},"author":4848,"featured_media":0,"comment_status":"open","ping_status":"open","sticky":false,"template":"","format":"standard","meta":{"footnotes":""},"categories":[44],"tags":[],"class_list":["post-20624","post","type-post","status-publish","format-standard","hentry","category-nyheter"],"_links":{"self":[{"href":"https:\/\/k2info.w.uib.no\/en\/wp-json\/wp\/v2\/posts\/20624","targetHints":{"allow":["GET"]}}],"collection":[{"href":"https:\/\/k2info.w.uib.no\/en\/wp-json\/wp\/v2\/posts"}],"about":[{"href":"https:\/\/k2info.w.uib.no\/en\/wp-json\/wp\/v2\/types\/post"}],"author":[{"embeddable":true,"href":"https:\/\/k2info.w.uib.no\/en\/wp-json\/wp\/v2\/users\/4848"}],"replies":[{"embeddable":true,"href":"https:\/\/k2info.w.uib.no\/en\/wp-json\/wp\/v2\/comments?post=20624"}],"version-history":[{"count":1,"href":"https:\/\/k2info.w.uib.no\/en\/wp-json\/wp\/v2\/posts\/20624\/revisions"}],"predecessor-version":[{"id":20625,"href":"https:\/\/k2info.w.uib.no\/en\/wp-json\/wp\/v2\/posts\/20624\/revisions\/20625"}],"wp:attachment":[{"href":"https:\/\/k2info.w.uib.no\/en\/wp-json\/wp\/v2\/media?parent=20624"}],"wp:term":[{"taxonomy":"category","embeddable":true,"href":"https:\/\/k2info.w.uib.no\/en\/wp-json\/wp\/v2\/categories?post=20624"},{"taxonomy":"post_tag","embeddable":true,"href":"https:\/\/k2info.w.uib.no\/en\/wp-json\/wp\/v2\/tags?post=20624"}],"curies":[{"name":"wp","href":"https:\/\/api.w.org\/{rel}","templated":true}]}}