{"id":20225,"date":"2022-05-06T09:45:41","date_gmt":"2022-05-06T08:45:41","guid":{"rendered":"https:\/\/k2info.w.uib.no\/?p=20225"},"modified":"2022-05-06T10:15:47","modified_gmt":"2022-05-06T09:15:47","slug":"brusseloppdatering-29-04-22","status":"publish","type":"post","link":"https:\/\/k2info.w.uib.no\/en\/2022\/05\/06\/brusseloppdatering-29-04-22\/","title":{"rendered":"[:no]BRUSSELOPPDATERING 29.04.22[:]"},"content":{"rendered":"<p>[:no]<em style=\"font-size: 1rem\">Om man \u00f8nsker \u00e5 melde seg p\u00e5 brusseloppdateringen og s\u00e5 kan man sende mail til kontorsjef Charlotte Eide <a href=\"mailto:charlotte.eide@uib.no\">charlotte.eide@uib.no<\/a><\/em><\/p>\n<p><strong>Momentum p\u00e5 bes\u00f8k i Brussel\u00a0<\/strong><\/p>\n<p>Denne uken har Momentum v\u00e6rt p\u00e5 bes\u00f8k hos brusselkontoret. Fra tirsdag til torsdag har gruppen f\u00e5tt presentasjoner og tatt del i workshops med m\u00e5l om \u00e5 \u00f8ke kunnskapen om EUs st\u00f8tteprogrammer innen forsknings- og innovasjon.\u00a0\u00a0Blant foredragsholderne var Benjamin Turner som arbeider hos The <strong>European Research Council<\/strong> (ERC). Turner snakket mye om forskjellen p\u00e5 de ulike ERC-stipend og forklarte godt evalueringsprosessen av s\u00f8knadene. If\u00f8lge Turner f\u00e5r ERC \u00e5rlig inn omkring 10\u202f000 s\u00f8knader der litt under 15% f\u00e5r innvilget st\u00f8tte. En av grunnene til at disse programmene er s\u00e5pass ettertraktet er at st\u00f8tten er sv\u00e6rt gener\u00f8s. Hver kandidat f\u00e5r omkring 1 million euro over en 5-\u00e5rsperiode og det er i tillegg mulighet for \u00e5 s\u00f8ke om tilleggsst\u00f8tte for \u00e5 kj\u00f8pe inn n\u00f8dvendig utstyr til den aktuelle forskningen.<\/p>\n<p><!--more--><\/p>\n<p>Emmanuelle Gardan og Benjamin Martinez fra <strong>Coimbra Group<\/strong> var ogs\u00e5 blant de som presenterte for gruppen. Gardan forklarte hvordan forskerne kunne benytte tilbudene som Coimbra Group tilbyr. Disse inkluderte konferanser, sommer- og vinterskoler og joint training activities.\u00a0\u00a0CG tilbyr i samarbeid med sine partneruniversitet The Coimbra Scholarship Program, et program hvor universitetene tilbyr \u00e5 v\u00e6re vertskap for forskere fra Afrika, Latin Amerika og europeiske naboland til spesifikke avdelinger eller forskningsteam for et kort forskningsopphold. I 2022 ble rett under 80 stipend tilbudt og programmet har f\u00e5tt sv\u00e6rt gode tilbakemeldinger.<\/p>\n<p>Martinez snakket om hvilke hjelpemidler som finnes i EU for forskningskarrierer. Han nevnte blant annet nye initiativ fra ERA som etter planen skal bli lansert i 2023. Disse inkluderer ERA talent platforms, ERA4You og career observatory. Han forklarte videre andre initiativ under the New ERA, som research assessment reform og the European Open Science Cloud, alle disse skal v\u00e6re verkt\u00f8y for \u00e5 styrke europeiske forskeres karrierer. Han, som flere andre talere, avsluttet sin presentasjon med en oppfordring til gruppen om \u00e5 registrere seg som ekspert for Horisont Europa.<\/p>\n<p>Samling i Brussel var den siste av fire samlinger for \u00e5rets momentum-kull. Vi har satt stor pris p\u00e5 bes\u00f8ket og \u00f8nsker de lykke til i sine karrierer framover!<\/p>\n<p><strong>100 kliman\u00f8ytrale byer annonsert<\/strong><br \/>\nDen europeiske kommisjonen annonserte torsdag de 100 byene som har blitt valgt til \u00e5 v\u00e6re med i ett av de 5 \u00abmissions\u00bb lansert under Horisont Europa. Det var totalt 377 s\u00f8kere og p\u00e5 listen av de 100 utvalgte finnes det <u>tre norske byer<\/u>: Oslo, Stavanger og Trondheim. N\u00e5 skal de utvalgte byene signere Climate City Contracts, disse inkluderer en overordnet plan for kliman\u00f8ytralitet innenfor alle sektorer.\u00a0\u00a0I lys av det h\u00f8ye s\u00f8kertallet skal kommisjonen skape et st\u00f8ttesystem for de byene som ikke ble valgt igjennom mission-platformen samt nye muligheter for st\u00f8tte under cities misson work programme i Horisont Europa.<\/p>\n<p><strong>Les kunngj\u00f8ringen <\/strong><a href=\"https:\/\/ec.europa.eu\/commission\/presscorner\/detail\/en\/IP_22_2591\"><strong>her<\/strong><\/a><\/p>\n<p><strong>Kommisjonen lanserer NEB LAB<br \/>\n<\/strong><span style=\"font-size: 1rem\">Den Europeiske Kommisjonen laserer NEB LAB, en \u00abtenk og gj\u00f8r\u00bb- tank for \u00e5 realisere The New European Bauhaus igjennom konkrete og overkommelige prosjekter. Lanseringen av NEB LAB starter med en \u00abCall for Friends\u00bb fra The New European Bauhaus til \u00e5 involvere bedrifter og offentlige akt\u00f8rer som regioner, bygder og byer, mer direkte i NEB.\u00a0\u00a0<\/span><\/p>\n<p>The New European Bauhaus er et kreativt og interdisiplin\u00e6rt initiativ som kobler The European Green Deal til v\u00e5r hverdag og kombinerer \u00f8konomiske, kulturelle og milj\u00f8-messige prosjekter. Initiativet skal fungere som en bro mellom forskning og teknologi og kunst og kultur. NEB skal inspirere en bevegelse som fasiliteter og styrer forandringen av samfunnet langs tre verdier: b\u00e6rekraft, estetikk og inkludering.<\/p>\n<p>The Call for Friends \u00f8nsker \u00e5 stille krav fra offentlige enheter, politiske organisasjoner og bedrifter til \u00e5 bli mer involvert p\u00e5 en mer strukturert m\u00e5te i NEB-initiativet. Nye partnere fra dette initiativet vil bli blant mer enn 450 offisielle partnere, nasjonale kontaktpunkter og high-level round table-medlemmer som allerede er p\u00e5 plass i NEB.<\/p>\n<p><strong>Les mer om NEB LAB <\/strong><a href=\"https:\/\/europa.eu\/new-european-bauhaus\/about\/neb-lab_en\"><strong>her<\/strong><\/a><br \/>\n<strong style=\"font-size: 1rem\">Les mer om The New European Bauhaus <\/strong><a style=\"font-size: 1rem\" href=\"https:\/\/europa.eu\/new-european-bauhaus\/index_en\"><strong>her<\/strong><\/a><strong style=\"font-size: 1rem\">\u00a0<\/strong><span style=\"font-size: 1rem\">\u00a0<\/span><\/p>\n<p><strong>UK-baserte ERC-forskere m\u00e5 flytte<\/strong><br \/>\nDet er hele 45 forskere fra Storbritannia som fikk innvilget st\u00f8tte i ERC\u2019s siste runde for erfarne forskere. Ettersom det fortsatt ikke er noe framgang i forhandlingene mellom EU og Storbritannia har en talsmann fra ERC bekreftet at det samme ultimatumet som fjor\u00e5rets UK-forskere ogs\u00e5 gjelder denne rundens forskere. De 45 forskerne m\u00e5 alts\u00e5 finne vertskap i et annet EU-land eller land assosiert med Horisont Europa eller si ifra seg st\u00f8tten.\u00a0\u00a0Dette er den f\u00f8rste runden med ERC Advanced Grants under Horisont Europa og hver av de 253 forskerne som er utvalgt vil f\u00e5 st\u00f8tte opp til \u20ac2.5 millioner. Det var i alt 14.6% vellykkede s\u00f8kere i denne runden.<\/p>\n<p><strong>Les mer <\/strong><a href=\"https:\/\/sciencebusiness.net\/news\/uk-based-researchers-win-big-latest-erc-awards-may-have-relocate-keep-their-grants\"><strong>her<\/strong><\/a><strong>\u00a0<\/strong><\/p>\n<p><strong>EU \u00f8ker strategiske partnerskap med India\u00a0<\/strong><br \/>\nUnder sitt bes\u00f8k til India denne uken, bekreftet Ursula von der Leyen et \u00f8kt bilateralt samarbeid med India. Von der Leyen og den indiske statsministeren Naraendra Modi ble blant annet enig om \u00e5 opprette et felles handels- og teknologir\u00e5d som skal arbeide med \u00e5 finne l\u00f8sninger p\u00e5 sentrale utfordringer innen handel, \u00f8konomi og teknologi. EU er Indias tredje st\u00f8rste handelspartner og andre st\u00f8rste eksport-destinasjon.<\/p>\n<p>I tillegg kom det fram at EU skal \u00f8ke samarbeidet om solenergi, dette blir f\u00f8rst og fremst gjort for \u00e5 sikre forsyningskjeden for materialene som trengs for \u00e5 produsere solcellepaneler. Von der Leyen bekreftet at Kommisjonen vil presentere en ny solenergi-strategi neste m\u00e5ned. Et \u00f8kt samarbeid med India f\u00f8rer ogs\u00e5 til at EU ikke blir like avhengig av Kina for solcellepanel.<\/p>\n<p><strong>Les mer om det strategiske samarbeidet <\/strong><a href=\"https:\/\/ec.europa.eu\/commission\/presscorner\/detail\/en\/IP_22_2648\"><strong>her<\/strong><\/a><strong>\u00a0<\/strong><br \/>\n<strong style=\"font-size: 1rem\">Les mer om \u00f8kt samarbeid om solenergi <\/strong><a style=\"font-size: 1rem\" href=\"https:\/\/sciencebusiness.net\/news\/eu-steps-solar-power-cooperation-india-amid-fears-dependence-china?utm_source=Science%7CBusiness+Newsletters&amp;utm_campaign=bd5521fc2b-EMAIL_CAMPAIGN_4_26_2021_17_43_COPY_01&amp;utm_medium=email&amp;utm_term=0_179178d214-bd5521fc2b-138625451\"><strong>her<\/strong><\/a><strong style=\"font-size: 1rem\">\u00a0<\/strong><span style=\"font-size: 1rem\">\u00a0<\/span><\/p>\n<p><strong>Framover i Brussel\u00a0<\/strong><\/p>\n<ul>\n<li><strong>4 mai<\/strong>: EERA General Assembly, UiB Brussel deltar<\/li>\n<li><strong>7 mai &#8211; Europe Day &#8211; Open Doors 2022: <\/strong>Europeiske institusjoner \u00e5pner for publikum. Denne dagen kan du bes\u00f8ke den europeiske kommisjonsbygningen og l\u00e6re mer om samtlige av emnene som kommisjonen arbeider med.\n<ul>\n<li>Se alle aktivitetene til Open Door Day <a href=\"https:\/\/europeday.europa.eu\/index_en\">her<\/a><\/li>\n<\/ul>\n<\/li>\n<li><strong>9-13.mai<\/strong> Brusselkontoret (charlotte eide) i Bergen<\/li>\n<li><strong>13. mai<\/strong> Horizon Europe inspiration workshop I Bergen: <a href=\"https:\/\/www.uib.no\/fia\/153202\/horizon-europe-inspiration-workshop\">https:\/\/www.uib.no\/fia\/153202\/horizon-europe-inspiration-workshop<\/a><\/li>\n<\/ul>\n<p>Beste hilsen oss p\u00e5 brusselkontoret,<br \/>\nCharlotte, Thea og Ingvild &#x1f60a;[:]<\/p>\n","protected":false},"excerpt":{"rendered":"<p>[:no]Om man \u00f8nsker \u00e5 melde seg p\u00e5 brusseloppdateringen og s\u00e5 kan man sende mail til kontorsjef Charlotte Eide charlotte.eide@uib.no Momentum p\u00e5 bes\u00f8k i Brussel\u00a0 Denne uken har Momentum v\u00e6rt p\u00e5 bes\u00f8k hos brusselkontoret. Fra tirsdag til torsdag har gruppen f\u00e5tt&hellip;<\/p>\n<p class=\"more-link-p\"><a class=\"more-link\" href=\"https:\/\/k2info.w.uib.no\/en\/2022\/05\/06\/brusseloppdatering-29-04-22\/\">Read more &rarr;<\/a><\/p>\n","protected":false},"author":4848,"featured_media":0,"comment_status":"open","ping_status":"open","sticky":false,"template":"","format":"standard","meta":{"footnotes":""},"categories":[44],"tags":[],"class_list":["post-20225","post","type-post","status-publish","format-standard","hentry","category-nyheter"],"_links":{"self":[{"href":"https:\/\/k2info.w.uib.no\/en\/wp-json\/wp\/v2\/posts\/20225","targetHints":{"allow":["GET"]}}],"collection":[{"href":"https:\/\/k2info.w.uib.no\/en\/wp-json\/wp\/v2\/posts"}],"about":[{"href":"https:\/\/k2info.w.uib.no\/en\/wp-json\/wp\/v2\/types\/post"}],"author":[{"embeddable":true,"href":"https:\/\/k2info.w.uib.no\/en\/wp-json\/wp\/v2\/users\/4848"}],"replies":[{"embeddable":true,"href":"https:\/\/k2info.w.uib.no\/en\/wp-json\/wp\/v2\/comments?post=20225"}],"version-history":[{"count":1,"href":"https:\/\/k2info.w.uib.no\/en\/wp-json\/wp\/v2\/posts\/20225\/revisions"}],"predecessor-version":[{"id":20226,"href":"https:\/\/k2info.w.uib.no\/en\/wp-json\/wp\/v2\/posts\/20225\/revisions\/20226"}],"wp:attachment":[{"href":"https:\/\/k2info.w.uib.no\/en\/wp-json\/wp\/v2\/media?parent=20225"}],"wp:term":[{"taxonomy":"category","embeddable":true,"href":"https:\/\/k2info.w.uib.no\/en\/wp-json\/wp\/v2\/categories?post=20225"},{"taxonomy":"post_tag","embeddable":true,"href":"https:\/\/k2info.w.uib.no\/en\/wp-json\/wp\/v2\/tags?post=20225"}],"curies":[{"name":"wp","href":"https:\/\/api.w.org\/{rel}","templated":true}]}}