{"id":20136,"date":"2022-04-22T07:00:07","date_gmt":"2022-04-22T06:00:07","guid":{"rendered":"https:\/\/k2info.w.uib.no\/?p=20136"},"modified":"2022-04-19T12:32:32","modified_gmt":"2022-04-19T11:32:32","slug":"thea-midtun","status":"publish","type":"post","link":"https:\/\/k2info.w.uib.no\/en\/2022\/04\/22\/thea-midtun\/","title":{"rendered":"[:no]Thea Midtun[:]"},"content":{"rendered":"<p>[:no]<a href=\"http:\/\/k2info.w.uib.no\/files\/2022\/04\/Thea-bilde.jpg\"><img loading=\"lazy\" decoding=\"async\" class=\"alignleft wp-image-20137 \" src=\"http:\/\/k2info.w.uib.no\/files\/2022\/04\/Thea-bilde.jpg\" alt=\"\" width=\"285\" height=\"380\" srcset=\"https:\/\/k2info.w.uib.no\/files\/2022\/04\/Thea-bilde.jpg 1386w, https:\/\/k2info.w.uib.no\/files\/2022\/04\/Thea-bilde-225x300.jpg 225w, https:\/\/k2info.w.uib.no\/files\/2022\/04\/Thea-bilde-768x1024.jpg 768w, https:\/\/k2info.w.uib.no\/files\/2022\/04\/Thea-bilde-1152x1536.jpg 1152w, https:\/\/k2info.w.uib.no\/files\/2022\/04\/Thea-bilde-624x832.jpg 624w\" sizes=\"auto, (max-width: 285px) 100vw, 285px\" \/><\/a>Jobber med Studie, Klinisk institutt 2<\/p>\n<p>Jeg jobber som semesterkoordinator for MED9 (niende semester p\u00e5 medisinstudiet) og er administrativ ansvarlig for noen masteremner ved instituttet.<\/p>\n<p>Det som jeg liker best ved jobben min, er at det er s\u00e5 mange ulike og varierte arbeidsoppgaver, og at jeg har ansvaret for alle prosesser i et emne fra start til slutt! Det er givende \u00e5 se at arbeidet man legger inn i planleggingsfasen fungerer i praksis, og \u00e5 kunne legge til rette for at b\u00e5de studentene og de vitenskapelige har det de trenger for \u00e5 kunne utf\u00f8re arbeidet sitt.<\/p>\n<p>Mesteparten av tiden p\u00e5 jobben g\u00e5r med til\u00a0\u00e5 holde kontroll p\u00e5 at alt g\u00e5r som det skal med undervisning, praksis og eksamen.<\/p>\n<p>Jeg liker \u00e5 jobbe p\u00e5 K2 fordi jeg har s\u00e5 mange gode og kjekke kollegaer her! Og ikke minst er det givende \u00e5 v\u00e6re med p\u00e5 \u00e5 legge til rette for at vi kan utdanne de beste legene i landet.[:en]<img loading=\"lazy\" decoding=\"async\" class=\"alignleft\" src=\"http:\/\/k2info.w.uib.no\/files\/2022\/04\/Thea-bilde.jpg\" alt=\"\" width=\"274\" height=\"366\" \/>Jobber med Studie, Klinisk institutt 2<\/p>\n<p>Jeg jobber som semesterkoordinator for MED9 (niende semester p\u00e5 medisinstudiet) og er administrativ ansvarlig for noen masteremner ved instituttet.<\/p>\n<p>Det som jeg liker best ved jobben min, er at det er s\u00e5 mange ulike og varierte arbeidsoppgaver, og at jeg har ansvaret for alle prosesser i et emne fra start til slutt! Det er givende \u00e5 se at arbeidet man legger inn i planleggingsfasen fungerer i praksis, og \u00e5 kunne legge til rette for at b\u00e5de studentene og de vitenskapelige har det de trenger for \u00e5 kunne utf\u00f8re arbeidet sitt.<\/p>\n<p>Mesteparten av tiden p\u00e5 jobben g\u00e5r med til\u00a0\u00e5 holde kontroll p\u00e5 at alt g\u00e5r som det skal med undervisning, praksis og eksamen.<\/p>\n<p>Jeg liker \u00e5 jobbe p\u00e5 K2 fordi jeg har s\u00e5 mange gode og kjekke kollegaer her! Og ikke minst er det givende \u00e5 v\u00e6re med p\u00e5 \u00e5 legge til rette for at vi kan utdanne de beste legene i landet.[:]<\/p>\n","protected":false},"excerpt":{"rendered":"<p>[:no]Jobber med Studie, Klinisk institutt 2 Jeg jobber som semesterkoordinator for MED9 (niende semester p\u00e5 medisinstudiet) og er administrativ ansvarlig for noen masteremner ved instituttet. Det som jeg liker best ved jobben min, er at det er s\u00e5 mange ulike&hellip;<\/p>\n<p class=\"more-link-p\"><a class=\"more-link\" href=\"https:\/\/k2info.w.uib.no\/en\/2022\/04\/22\/thea-midtun\/\">Read more &rarr;<\/a><\/p>\n","protected":false},"author":4953,"featured_media":0,"comment_status":"open","ping_status":"open","sticky":false,"template":"","format":"standard","meta":{"footnotes":""},"categories":[44,65036],"tags":[],"class_list":["post-20136","post","type-post","status-publish","format-standard","hentry","category-nyheter","category-nytt-om-navn"],"_links":{"self":[{"href":"https:\/\/k2info.w.uib.no\/en\/wp-json\/wp\/v2\/posts\/20136","targetHints":{"allow":["GET"]}}],"collection":[{"href":"https:\/\/k2info.w.uib.no\/en\/wp-json\/wp\/v2\/posts"}],"about":[{"href":"https:\/\/k2info.w.uib.no\/en\/wp-json\/wp\/v2\/types\/post"}],"author":[{"embeddable":true,"href":"https:\/\/k2info.w.uib.no\/en\/wp-json\/wp\/v2\/users\/4953"}],"replies":[{"embeddable":true,"href":"https:\/\/k2info.w.uib.no\/en\/wp-json\/wp\/v2\/comments?post=20136"}],"version-history":[{"count":1,"href":"https:\/\/k2info.w.uib.no\/en\/wp-json\/wp\/v2\/posts\/20136\/revisions"}],"predecessor-version":[{"id":20138,"href":"https:\/\/k2info.w.uib.no\/en\/wp-json\/wp\/v2\/posts\/20136\/revisions\/20138"}],"wp:attachment":[{"href":"https:\/\/k2info.w.uib.no\/en\/wp-json\/wp\/v2\/media?parent=20136"}],"wp:term":[{"taxonomy":"category","embeddable":true,"href":"https:\/\/k2info.w.uib.no\/en\/wp-json\/wp\/v2\/categories?post=20136"},{"taxonomy":"post_tag","embeddable":true,"href":"https:\/\/k2info.w.uib.no\/en\/wp-json\/wp\/v2\/tags?post=20136"}],"curies":[{"name":"wp","href":"https:\/\/api.w.org\/{rel}","templated":true}]}}