{"id":20060,"date":"2022-04-01T09:56:17","date_gmt":"2022-04-01T08:56:17","guid":{"rendered":"https:\/\/k2info.w.uib.no\/?p=20060"},"modified":"2022-04-01T10:20:58","modified_gmt":"2022-04-01T09:20:58","slug":"20060","status":"publish","type":"post","link":"https:\/\/k2info.w.uib.no\/en\/2022\/04\/01\/20060\/","title":{"rendered":"Sergio Mora"},"content":{"rendered":"<p>[:no]<strong><a href=\"http:\/\/k2info.w.uib.no\/files\/2022\/03\/Sergio-Mora.jpg\"><img loading=\"lazy\" decoding=\"async\" class=\"alignleft wp-image-20062 size-medium\" src=\"http:\/\/k2info.w.uib.no\/files\/2022\/03\/Sergio-Mora-240x300.jpg\" alt=\"\" width=\"240\" height=\"300\" srcset=\"https:\/\/k2info.w.uib.no\/files\/2022\/03\/Sergio-Mora-240x300.jpg 240w, https:\/\/k2info.w.uib.no\/files\/2022\/03\/Sergio-Mora.jpg 400w\" sizes=\"auto, (max-width: 240px) 100vw, 240px\" \/><\/a>Hva jobber jeg med?<\/strong><\/p>\n<p>Jeg er utdannet sivil\u00f8konom og har fra tidligere jobbet med renovasjon i Bod\u00f8. H\u00f8sten 2021 ble min samboer ferdig som LIS1 ved nordlandssykehuset og videre bestemte vi oss for \u00e5 flytte tilbake til Bergen. Jeg fikk muligheten til \u00e5 jobbe som Prosjekt\u00f8konom ved K2, noe som var en god mulighet med stort utviklingspotensial. \u00c5ttende november var min f\u00f8rste arbeidsdag og jeg har innen denne korte perioden f\u00e5tt et godt inntrykk av K2 som arbeidsplass og ikke minst mine n\u00e6rmeste kollegaer.<\/p>\n<p>Som Prosjekt\u00f8konom er jeg et st\u00f8tteapparat for forskerne og mine arbeidsoppgaver er hovedsakelig knyttet til \u00f8konomistyring av de ulike prosjektene. For \u00f8yeblikket g\u00e5r mye av tiden til \u00e5rets NFR s\u00f8knader.<\/p>\n<p><strong>Hvorfor liker du \u00e5 jobbe p\u00e5 K2?\u00a0\u00a0\u00a0\u00a0\u00a0\u00a0 <\/strong><\/p>\n<p>F\u00f8rst og fremst skyldes det et godt arbeidsmilj\u00f8 der alle har tatt meg godt imot og bidrar til gruppedynamikken. Jeg har f\u00e5tt et bilde av at p\u00e5 K2 prioriteres arbeidsmilj\u00f8et og vi er flinke til \u00e5 samles og bli kjent p\u00e5 et mer personlig niv\u00e5. I tillegg til dette er det givende \u00e5 kunne st\u00f8tte forskerne som har en s\u00e5 samfunnskritisk rolle.<\/p>\n<p>&nbsp;<\/p>\n<p>&nbsp;[:en]<strong><a href=\"http:\/\/k2info.w.uib.no\/files\/2022\/04\/Sergio-Mora.jpg\"><img loading=\"lazy\" decoding=\"async\" class=\"alignleft wp-image-20095 size-medium\" src=\"http:\/\/k2info.w.uib.no\/files\/2022\/04\/Sergio-Mora-240x300.jpg\" alt=\"\" width=\"240\" height=\"300\" srcset=\"https:\/\/k2info.w.uib.no\/files\/2022\/04\/Sergio-Mora-240x300.jpg 240w, https:\/\/k2info.w.uib.no\/files\/2022\/04\/Sergio-Mora.jpg 400w\" sizes=\"auto, (max-width: 240px) 100vw, 240px\" \/><\/a>Hva jobber jeg med?<\/strong><\/p>\n<p>Jeg er utdannet sivil\u00f8konom og har fra tidligere jobbet med renovasjon i Bod\u00f8. H\u00f8sten 2021 ble min samboer ferdig som LIS1 ved nordlandssykehuset og videre bestemte vi oss for \u00e5 flytte tilbake til Bergen. Jeg fikk muligheten til \u00e5 jobbe som Prosjekt\u00f8konom ved K2, noe som var en god mulighet med stort utviklingspotensial. \u00c5ttende november var min f\u00f8rste arbeidsdag og jeg har innen denne korte perioden f\u00e5tt et godt inntrykk av K2 som arbeidsplass og ikke minst mine n\u00e6rmeste kollegaer.<\/p>\n<p>Som Prosjekt\u00f8konom er jeg et st\u00f8tteapparat for forskerne og mine arbeidsoppgaver er hovedsakelig knyttet til \u00f8konomistyring av de ulike prosjektene. For \u00f8yeblikket g\u00e5r mye av tiden til \u00e5rets NFR s\u00f8knader.<\/p>\n<p><strong>Hvorfor liker du \u00e5 jobbe p\u00e5 K2?\u00a0\u00a0\u00a0\u00a0\u00a0\u00a0 <\/strong><\/p>\n<p>F\u00f8rst og fremst skyldes det et godt arbeidsmilj\u00f8 der alle har tatt meg godt imot og bidrar til gruppedynamikken. Jeg har f\u00e5tt et bilde av at p\u00e5 K2 prioriteres arbeidsmilj\u00f8et og vi er flinke til \u00e5 samles og bli kjent p\u00e5 et mer personlig niv\u00e5. I tillegg til dette er det givende \u00e5 kunne st\u00f8tte forskerne som har en s\u00e5 samfunnskritisk rolle.<\/p>\n<p>&nbsp;[:]<\/p>\n","protected":false},"excerpt":{"rendered":"<p>[:no]Hva jobber jeg med? Jeg er utdannet sivil\u00f8konom og har fra tidligere jobbet med renovasjon i Bod\u00f8. H\u00f8sten 2021 ble min samboer ferdig som LIS1 ved nordlandssykehuset og videre bestemte vi oss for \u00e5 flytte tilbake til Bergen. Jeg fikk&hellip;<\/p>\n<p class=\"more-link-p\"><a class=\"more-link\" href=\"https:\/\/k2info.w.uib.no\/en\/2022\/04\/01\/20060\/\">Read more &rarr;<\/a><\/p>\n","protected":false},"author":4953,"featured_media":0,"comment_status":"open","ping_status":"open","sticky":false,"template":"","format":"standard","meta":{"footnotes":""},"categories":[44,65036],"tags":[],"class_list":["post-20060","post","type-post","status-publish","format-standard","hentry","category-nyheter","category-nytt-om-navn"],"_links":{"self":[{"href":"https:\/\/k2info.w.uib.no\/en\/wp-json\/wp\/v2\/posts\/20060","targetHints":{"allow":["GET"]}}],"collection":[{"href":"https:\/\/k2info.w.uib.no\/en\/wp-json\/wp\/v2\/posts"}],"about":[{"href":"https:\/\/k2info.w.uib.no\/en\/wp-json\/wp\/v2\/types\/post"}],"author":[{"embeddable":true,"href":"https:\/\/k2info.w.uib.no\/en\/wp-json\/wp\/v2\/users\/4953"}],"replies":[{"embeddable":true,"href":"https:\/\/k2info.w.uib.no\/en\/wp-json\/wp\/v2\/comments?post=20060"}],"version-history":[{"count":2,"href":"https:\/\/k2info.w.uib.no\/en\/wp-json\/wp\/v2\/posts\/20060\/revisions"}],"predecessor-version":[{"id":20096,"href":"https:\/\/k2info.w.uib.no\/en\/wp-json\/wp\/v2\/posts\/20060\/revisions\/20096"}],"wp:attachment":[{"href":"https:\/\/k2info.w.uib.no\/en\/wp-json\/wp\/v2\/media?parent=20060"}],"wp:term":[{"taxonomy":"category","embeddable":true,"href":"https:\/\/k2info.w.uib.no\/en\/wp-json\/wp\/v2\/categories?post=20060"},{"taxonomy":"post_tag","embeddable":true,"href":"https:\/\/k2info.w.uib.no\/en\/wp-json\/wp\/v2\/tags?post=20060"}],"curies":[{"name":"wp","href":"https:\/\/api.w.org\/{rel}","templated":true}]}}