{"id":19870,"date":"2022-03-11T11:59:45","date_gmt":"2022-03-11T10:59:45","guid":{"rendered":"https:\/\/k2info.w.uib.no\/?p=19870"},"modified":"2022-03-11T13:11:14","modified_gmt":"2022-03-11T12:11:14","slug":"bli-med-pa-oske-juni-2022","status":"publish","type":"post","link":"https:\/\/k2info.w.uib.no\/en\/2022\/03\/11\/bli-med-pa-oske-juni-2022\/","title":{"rendered":"[:no]Bli med p\u00e5 OSKE juni 2022![:]"},"content":{"rendered":"<p>[:no]<div id=\"attachment_19925\" style=\"width: 310px\" class=\"wp-caption alignleft\"><a href=\"http:\/\/k2info.w.uib.no\/files\/2022\/03\/oske_registrering.jpg\"><img loading=\"lazy\" decoding=\"async\" aria-describedby=\"caption-attachment-19925\" class=\"wp-image-19925 size-medium\" src=\"http:\/\/k2info.w.uib.no\/files\/2022\/03\/oske_registrering-300x200.jpg\" alt=\"\" width=\"300\" height=\"200\" srcset=\"https:\/\/k2info.w.uib.no\/files\/2022\/03\/oske_registrering-300x200.jpg 300w, https:\/\/k2info.w.uib.no\/files\/2022\/03\/oske_registrering-1024x683.jpg 1024w, https:\/\/k2info.w.uib.no\/files\/2022\/03\/oske_registrering-768x513.jpg 768w, https:\/\/k2info.w.uib.no\/files\/2022\/03\/oske_registrering-624x416.jpg 624w, https:\/\/k2info.w.uib.no\/files\/2022\/03\/oske_registrering.jpg 1260w\" sizes=\"auto, (max-width: 300px) 100vw, 300px\" \/><\/a><p id=\"caption-attachment-19925\" class=\"wp-caption-text\">Foto\/ill.: Paul Andr\u00e9 Sommerfeldt<\/p><\/div><\/p>\n<p>N\u00e5 har arbeidet med OSKE i juni startet og vi trenger deres hjelp.<\/p>\n<p>&nbsp;<\/p>\n<p>Administrative ansatte er n\u00f8dvendig for at b\u00e5de OSKE i MED12 8. juni og OSKE i MED6 16. juni, skal g\u00e5 rundt. I MED6 er det et st\u00f8rre antall studenter som skal ha eksamen enn i MED12, s\u00e5 her er det behov for flere ansatte. I p\u00e5meldingsskjemaet velger du hvilken eksamen og hvilke dager du kan delta. Vi \u00f8nsker at de som er p\u00e5 sl\u00f8yfer kan v\u00e6re med \u00e5 rigge (og rydde) den sl\u00f8yfen de skal v\u00e6re p\u00e5.<\/p>\n<div id=\"attachment_19923\" style=\"width: 310px\" class=\"wp-caption alignleft\"><a href=\"http:\/\/k2info.w.uib.no\/files\/2022\/03\/oske_oversikt.jpg\"><img loading=\"lazy\" decoding=\"async\" aria-describedby=\"caption-attachment-19923\" class=\"wp-image-19923 size-medium\" src=\"http:\/\/k2info.w.uib.no\/files\/2022\/03\/oske_oversikt-300x200.jpg\" alt=\"\" width=\"300\" height=\"200\" srcset=\"https:\/\/k2info.w.uib.no\/files\/2022\/03\/oske_oversikt-300x200.jpg 300w, https:\/\/k2info.w.uib.no\/files\/2022\/03\/oske_oversikt-1024x683.jpg 1024w, https:\/\/k2info.w.uib.no\/files\/2022\/03\/oske_oversikt-768x513.jpg 768w, https:\/\/k2info.w.uib.no\/files\/2022\/03\/oske_oversikt-624x416.jpg 624w, https:\/\/k2info.w.uib.no\/files\/2022\/03\/oske_oversikt.jpg 1260w\" sizes=\"auto, (max-width: 300px) 100vw, 300px\" \/><\/a><p id=\"caption-attachment-19923\" class=\"wp-caption-text\">Foto\/ill.: Paul Andr\u00e9 Sommerfeldt<\/p><\/div>\n<p><strong>P\u00e5meldingsskjema:<\/strong>\u00a0<a href=\"https:\/\/skjemaker.app.uib.no\/view.php?id=12323008\">https:\/\/skjemaker.app.uib.no\/view.php?id=12323008<\/a><\/p>\n<p>Vi \u00f8nsker \u00e5 f\u00e5 p\u00e5 plass sl\u00f8yfene i god tid f\u00f8r OSKE, og det er derfor \u00f8nskelig med tilbakemelding seinest fredag 8.april.<\/p>\n<p>Vi h\u00e5per s\u00e5 mange som mulig har anledning til \u00e5 delta! Av erfaring vet vi at mange synes det er utrolig kjekt \u00e5 f\u00e5 v\u00e6re med p\u00e5 OSKE. Det er en fin mulighet til \u00e5 treffe kolleger du ikke ser hver dag, og f\u00e5 et innblikk i hvordan eksamen til studentene fungerer. I tillegg f\u00e5r dere servert lunsj og mulighet til \u00e5 mingle i lunsjen.<\/p>\n<p><strong>Dersom dere har sp\u00f8rsm\u00e5l, ikke n\u00f8l med \u00e5 ta kontakt med oss <\/strong><strong>&#x1f60a;<\/strong><\/p>\n<p>OSKE6: <a href=\"mailto:mareike.mannigel@uib.no\">Mareike Mannigel<\/a> &#8211; 55586235<br \/>\nOSKE12: <a href=\"mailto:ingvild.jonsvoll@uib.no\">Ingvild Lekven Jonsvoll<\/a> \u2013 55585407[:]<\/p>\n","protected":false},"excerpt":{"rendered":"<p>[:no] N\u00e5 har arbeidet med OSKE i juni startet og vi trenger deres hjelp. &nbsp; Administrative ansatte er n\u00f8dvendig for at b\u00e5de OSKE i MED12 8. juni og OSKE i MED6 16. juni, skal g\u00e5 rundt. I MED6 er det&hellip;<\/p>\n<p class=\"more-link-p\"><a class=\"more-link\" href=\"https:\/\/k2info.w.uib.no\/en\/2022\/03\/11\/bli-med-pa-oske-juni-2022\/\">Read more &rarr;<\/a><\/p>\n","protected":false},"author":4953,"featured_media":0,"comment_status":"open","ping_status":"open","sticky":false,"template":"","format":"standard","meta":{"footnotes":""},"categories":[44],"tags":[],"class_list":["post-19870","post","type-post","status-publish","format-standard","hentry","category-nyheter"],"_links":{"self":[{"href":"https:\/\/k2info.w.uib.no\/en\/wp-json\/wp\/v2\/posts\/19870","targetHints":{"allow":["GET"]}}],"collection":[{"href":"https:\/\/k2info.w.uib.no\/en\/wp-json\/wp\/v2\/posts"}],"about":[{"href":"https:\/\/k2info.w.uib.no\/en\/wp-json\/wp\/v2\/types\/post"}],"author":[{"embeddable":true,"href":"https:\/\/k2info.w.uib.no\/en\/wp-json\/wp\/v2\/users\/4953"}],"replies":[{"embeddable":true,"href":"https:\/\/k2info.w.uib.no\/en\/wp-json\/wp\/v2\/comments?post=19870"}],"version-history":[{"count":5,"href":"https:\/\/k2info.w.uib.no\/en\/wp-json\/wp\/v2\/posts\/19870\/revisions"}],"predecessor-version":[{"id":19927,"href":"https:\/\/k2info.w.uib.no\/en\/wp-json\/wp\/v2\/posts\/19870\/revisions\/19927"}],"wp:attachment":[{"href":"https:\/\/k2info.w.uib.no\/en\/wp-json\/wp\/v2\/media?parent=19870"}],"wp:term":[{"taxonomy":"category","embeddable":true,"href":"https:\/\/k2info.w.uib.no\/en\/wp-json\/wp\/v2\/categories?post=19870"},{"taxonomy":"post_tag","embeddable":true,"href":"https:\/\/k2info.w.uib.no\/en\/wp-json\/wp\/v2\/tags?post=19870"}],"curies":[{"name":"wp","href":"https:\/\/api.w.org\/{rel}","templated":true}]}}