{"id":19578,"date":"2021-11-26T12:37:22","date_gmt":"2021-11-26T11:37:22","guid":{"rendered":"https:\/\/k2info.w.uib.no\/?p=19578"},"modified":"2021-11-26T12:37:22","modified_gmt":"2021-11-26T11:37:22","slug":"ukens-leder-42","status":"publish","type":"post","link":"https:\/\/k2info.w.uib.no\/en\/2021\/11\/26\/ukens-leder-42\/","title":{"rendered":"[:no]Ukens leder[:en]Editorial[:]"},"content":{"rendered":"<p>[:no]<strong>Strategi for framtiden \u2013 gled deg til Solstranseminaret 24-25 februar<\/strong><\/p>\n<p><a href=\"http:\/\/k2info.w.uib.no\/files\/2021\/01\/Eystein-Husebye.jpg\"><img loading=\"lazy\" decoding=\"async\" class=\"size-medium wp-image-18733 alignleft\" src=\"http:\/\/k2info.w.uib.no\/files\/2021\/01\/Eystein-Husebye-194x300.jpg\" alt=\"\" width=\"194\" height=\"300\" srcset=\"https:\/\/k2info.w.uib.no\/files\/2021\/01\/Eystein-Husebye-194x300.jpg 194w, https:\/\/k2info.w.uib.no\/files\/2021\/01\/Eystein-Husebye-662x1024.jpg 662w, https:\/\/k2info.w.uib.no\/files\/2021\/01\/Eystein-Husebye-768x1187.jpg 768w, https:\/\/k2info.w.uib.no\/files\/2021\/01\/Eystein-Husebye-624x965.jpg 624w, https:\/\/k2info.w.uib.no\/files\/2021\/01\/Eystein-Husebye.jpg 784w\" sizes=\"auto, (max-width: 194px) 100vw, 194px\" \/><\/a>Programmet for strategiseminaret p\u00e5 Solstrand begynner \u00e5 ta form og blir sv\u00e6rt spennende. Et hovedtema blir v\u00e5rt samarbeid med helseforetakene p\u00e5 Vestlandet. Det blir innlegg av b\u00e5de Eivind Hansen og Per Bakke etterfulgt av paneldiskusjon der vi h\u00e5per instituttets ansatte vil v\u00e6re aktive. Vi har et godt samarbeid, men det kan bli bedre. Konkurransen om de beste forskerne og underviserne er hard og ressursene knappe. Hvordan kan vi utnytte v\u00e5rt potensiale best mulig? Vi h\u00e5per at diskusjonen kan f\u00f8re til 2-3 konkrete forslag som kan settes ut i livet.<\/p>\n<p>Et annet hovedtema blir forskningsfinansiering med vekt p\u00e5 EU-midler. Vi f\u00e5r bes\u00f8k av Katie Anders fra forskningsavdelingen og v\u00e5r utsendte i Brussel, Charlotte Eide. S\u00f8knadsmuligheter og informasjon om Digital Europe st\u00e5r p\u00e5 agendaen. Relatert til dette blir det innlegg om innovasjon og hvilke muligheter inkubatorbygget Eitri har \u00e5 by p\u00e5.<\/p>\n<p>Videre skal vi ha fokus p\u00e5 undervisning og formidling p\u00e5 ulike plattformer der blant annet leder av Senter for unders\u00f8kende journalistikk Per Christian Magnus blir med. Hvordan kan vi formidle forskning p\u00e5 en mer edruelig, men likevel spennende m\u00e5te uten sensasjonsoppslag som skaper urealistiske forventninger?<\/p>\n<p>De enkelte forskningsguppene og milj\u00f8ene vil ogs\u00e5 f\u00e5 mulighet til \u00e5 presentere seg og det vil ogs\u00e5 bli en konkurranse, kanskje til og med en OSCE-eksamen \u2013 den som kommer f\u00e5 se. S\u00e5 blir det veldig sosialt \u00e5 treffes p\u00e5 tvers av yrkesgruppe og campi der K2 er representert.<\/p>\n<p>Ha store forventninger og v\u00e6r aktiv!<\/p>\n<p>God helg<br \/>\nEystein Husebye<br \/>\nVisestyrer[:en]<strong>Strategy for the future \u2013 you can look forward to the Solstrand meeting 24-25 February<\/strong><\/p>\n<p><a href=\"http:\/\/k2info.w.uib.no\/files\/2021\/01\/Eystein-Husebye.jpg\"><img loading=\"lazy\" decoding=\"async\" class=\"size-medium wp-image-18733 alignleft\" src=\"http:\/\/k2info.w.uib.no\/files\/2021\/01\/Eystein-Husebye-194x300.jpg\" alt=\"\" width=\"194\" height=\"300\" srcset=\"https:\/\/k2info.w.uib.no\/files\/2021\/01\/Eystein-Husebye-194x300.jpg 194w, https:\/\/k2info.w.uib.no\/files\/2021\/01\/Eystein-Husebye-662x1024.jpg 662w, https:\/\/k2info.w.uib.no\/files\/2021\/01\/Eystein-Husebye-768x1187.jpg 768w, https:\/\/k2info.w.uib.no\/files\/2021\/01\/Eystein-Husebye-624x965.jpg 624w, https:\/\/k2info.w.uib.no\/files\/2021\/01\/Eystein-Husebye.jpg 784w\" sizes=\"auto, (max-width: 194px) 100vw, 194px\" \/><\/a>The program for the strategy seminar at Solstrand is starting to shape up and will be very exciting. A main theme will be our collaboration with the health trusts in Western Norway. There will be talks by both Eivind Hansen and Per Bakke followed by a panel discussion where we hope the department&#8217;s employees will be active. We have a good collaboration, but it can get better. The competition for the best researchers and teachers is fierce and resources are scarce. How can we make the best use of our potential? We hope that the discussion can lead to 2-3 concrete proposals that can be put into practice.<\/p>\n<p>Another main theme will be research funding with an emphasis on EU funding. Katie Anders from the Research Department and our envoy in Brussels, Charlotte Eide will participate. Application opportunities and information about Digital Europe are on the agenda. Related to this will be talks about innovation and what opportunities the incubator Eitri has to offer.<\/p>\n<p>We will focus on teaching and dissemination on various platforms, including participation by the head of the Center for Investigative Journalism, Per Christian Magnus. How can we convey research in a more sober, yet exciting way without sensational postings that create unrealistic expectations?<\/p>\n<p>The individual research groups and environments will also have the opportunity to present themselves and there will also be a competition, perhaps even an OSCE exam?.<\/p>\n<p>We also hope there will be amble time for social interactions across groups and campi where K2 is represented.<\/p>\n<p>Have high expectations and be an active participant!<\/p>\n<p>Good weekend<br \/>\nEystein Husebye<br \/>\nDeputy Head of K2[:]<\/p>\n","protected":false},"excerpt":{"rendered":"<p>[:no]Strategi for framtiden \u2013 gled deg til Solstranseminaret 24-25 februar Programmet for strategiseminaret p\u00e5 Solstrand begynner \u00e5 ta form og blir sv\u00e6rt spennende. Et hovedtema blir v\u00e5rt samarbeid med helseforetakene p\u00e5 Vestlandet. Det blir innlegg av b\u00e5de Eivind Hansen og&hellip;<\/p>\n<p class=\"more-link-p\"><a class=\"more-link\" href=\"https:\/\/k2info.w.uib.no\/en\/2021\/11\/26\/ukens-leder-42\/\">Read more &rarr;<\/a><\/p>\n","protected":false},"author":4848,"featured_media":0,"comment_status":"open","ping_status":"open","sticky":false,"template":"","format":"standard","meta":{"footnotes":""},"categories":[44,39969],"tags":[],"class_list":["post-19578","post","type-post","status-publish","format-standard","hentry","category-nyheter","category-ukens-leder"],"_links":{"self":[{"href":"https:\/\/k2info.w.uib.no\/en\/wp-json\/wp\/v2\/posts\/19578","targetHints":{"allow":["GET"]}}],"collection":[{"href":"https:\/\/k2info.w.uib.no\/en\/wp-json\/wp\/v2\/posts"}],"about":[{"href":"https:\/\/k2info.w.uib.no\/en\/wp-json\/wp\/v2\/types\/post"}],"author":[{"embeddable":true,"href":"https:\/\/k2info.w.uib.no\/en\/wp-json\/wp\/v2\/users\/4848"}],"replies":[{"embeddable":true,"href":"https:\/\/k2info.w.uib.no\/en\/wp-json\/wp\/v2\/comments?post=19578"}],"version-history":[{"count":1,"href":"https:\/\/k2info.w.uib.no\/en\/wp-json\/wp\/v2\/posts\/19578\/revisions"}],"predecessor-version":[{"id":19579,"href":"https:\/\/k2info.w.uib.no\/en\/wp-json\/wp\/v2\/posts\/19578\/revisions\/19579"}],"wp:attachment":[{"href":"https:\/\/k2info.w.uib.no\/en\/wp-json\/wp\/v2\/media?parent=19578"}],"wp:term":[{"taxonomy":"category","embeddable":true,"href":"https:\/\/k2info.w.uib.no\/en\/wp-json\/wp\/v2\/categories?post=19578"},{"taxonomy":"post_tag","embeddable":true,"href":"https:\/\/k2info.w.uib.no\/en\/wp-json\/wp\/v2\/tags?post=19578"}],"curies":[{"name":"wp","href":"https:\/\/api.w.org\/{rel}","templated":true}]}}