{"id":19540,"date":"2021-11-12T09:18:28","date_gmt":"2021-11-12T08:18:28","guid":{"rendered":"https:\/\/k2info.w.uib.no\/?p=19540"},"modified":"2021-11-12T09:43:12","modified_gmt":"2021-11-12T08:43:12","slug":"ukens-leder-40","status":"publish","type":"post","link":"https:\/\/k2info.w.uib.no\/en\/2021\/11\/12\/ukens-leder-40\/","title":{"rendered":"[:no]Ukens leder[:en]Editorial[:]"},"content":{"rendered":"<p>[:no]<a href=\"http:\/\/k2info.w.uib.no\/files\/2020\/05\/Emmet.jpg\"><img loading=\"lazy\" decoding=\"async\" class=\"size-medium wp-image-17987 alignleft\" src=\"http:\/\/k2info.w.uib.no\/files\/2020\/05\/Emmet-240x300.jpg\" alt=\"\" width=\"240\" height=\"300\" srcset=\"https:\/\/k2info.w.uib.no\/files\/2020\/05\/Emmet-240x300.jpg 240w, https:\/\/k2info.w.uib.no\/files\/2020\/05\/Emmet.jpg 400w\" sizes=\"auto, (max-width: 240px) 100vw, 240px\" \/><\/a>Eitri helseinkubator \u00e5pnet offisielt 01. November. Ledet av Torleif Markussen Lunde og Maija Slaidina, rommer den nye helseinkubatoren Eitri over 2400 m<sup>2 <\/sup>over 2 etasjer, inkludert 3 laboratorier, over 100 kontorplasser samt sm\u00e5 og store m\u00f8terom, dedikert til innovat\u00f8rer. Eitri er lokalisert ved siden av laboratoriebygget og BBB. Under \u00e5pningsseremonien var prominente gjester fra UiB og HUS til stede, inkludert UiB\u2019s rektor Margareth Hagen og vise-administrativ direkt\u00f8r fra HUS, Clara Gram Gjesdal, som i sine taler la vekt p\u00e5 viktigheten av multidisiplin\u00e6rt samarbeid og innovasjon innen helsesektoren. Ogs\u00e5 innvesteringsforvalter Kristin Odfjell og administrerende direkt\u00f8r Stine Fiksdal fra VIS holdt taler under \u00e5pningen. Fredrik Saoera stod for underholdningen.<\/p>\n<p>I etterkant av den storsl\u00e5tte \u00e5pningen inviterte Eitri, i samarbeid med senter for fremragende forskning CCBIO og Neuro-SysMed, til dette \u00e5rets Falch-forelesning med professor Rober S. Langer ved Massachusetts Institute of Technology. Professor Langer holdt en inspirerende forelesning med tittelen \u201c<em>Creating and implementing breakthrough technologies in biotechnology and nanotechnology<\/em>\u201d. Videre har Eitri denne uken arrangert CCBIONEUR912: Health Innovation course. Kurset har som overordnet m\u00e5l \u00e5 oppmuntre og legge til rette for at PhD studenter og unge forskere kan identifisere og evaluere det innovative potensiale av deres egne forskningsprosjekt, samt gi kunnskapen de trenger til \u00e5 gj\u00f8re dette. Kurset gav b\u00e5de inspirasjon og praktisk kunnskap om hvilke veier en kan ta for \u00e5 realisere det innovative potensiale av forskningsprosjekter. Faglig kompetanse fra Forsknings- og innovasjonsavdelingen ved det Medisinske Fakultet, UiB, og fra det lokale Innovasjonssenteret VIS, gav en god forst\u00e5else av lovverket og det praktiske rundt forskningsbasert innovasjon, inkludert hvordan beskytte og utnytte deres intellektuelle verdi.<\/p>\n<p>Jeg syntes det er rimelig \u00e5 si at Eitri har hatt en ildd\u00e5p over de siste ukene og det blir spennende \u00e5 se hvordan prosjekter og innovasjon fra Haukeland campus utvikler seg innen dette unike \u00f8kosystemet! Ikke v\u00e6r redd for \u00e5 ta kontakt med Eitri, eller meg direkte dersom du er interessert i mer informasjon om Eitri eller hvordan Eitri kan hjelpe din innovative forskning.<\/p>\n<p>Kontakt: <a href=\"https:\/\/www.eitrilab.no\/\">https:\/\/www.eitrilab.no\/<\/a>[:en]<a href=\"http:\/\/k2info.w.uib.no\/files\/2020\/05\/Emmet.jpg\"><img loading=\"lazy\" decoding=\"async\" class=\"size-medium wp-image-17987 alignleft\" src=\"http:\/\/k2info.w.uib.no\/files\/2020\/05\/Emmet-240x300.jpg\" alt=\"\" width=\"240\" height=\"300\" srcset=\"https:\/\/k2info.w.uib.no\/files\/2020\/05\/Emmet-240x300.jpg 240w, https:\/\/k2info.w.uib.no\/files\/2020\/05\/Emmet.jpg 400w\" sizes=\"auto, (max-width: 240px) 100vw, 240px\" \/><\/a>The Eitri Medical Incubator had its official inauguration Nov. 1. Lead by Torleif Markussen Lunde and Maija Slaidina, Eitri boasts over 2400 m<sup>2<\/sup> dedicated to innovators, including 3 culture labs, over 100 workspaces with large and small meeting room capacities all housed over 2 floors adjacent to the lab building and the BBB. Prominent UiB and HUS dignitaries, including UiB rector Margareth Hagen and vice-administrative director of Haukeland University Hospital, Clara Gram Gjesdal spoke of the importance of multidisiplinary knowledge building and innovation within the healthcare sector at the event, which also included speeches from investment manager Kristin Odfjell and managing director of VIS, Stine Fiksdal. Entertainment was provided by Fredrik Saoera. Following its grand opening, Eitri, in collaboration with centres of excellence CCBIO and Neuro-SysMed, hosted this years Falch lecture by Dr. Robert S. Langer of Massachusetts Institute of Technology, who gave an inspired lecture \u201c<em>Creating and implementing breakthrough technologies in biotechnology and nanotechnology<\/em><em>\u201d. <\/em>Furthermore, Eitri this week hosted the CCBIONEUR912: Health Innovation course.The overall aim of this course was to encourage and enable our PhD students and young researchers to identify and evaluate the innovation potential in their own research projects, and provide them with the knowledge needed to be able to do this. The course provided inspiration and practical knowledge on alternative ways to realize the innovation potential from research projects. Professional expertise from the Medical Faculty, Division of Research and Innovation at UiB, and the local tech transfer office VIS provided a good understanding of the legal and practical framework for research-based innovation, including how to protect and exploit their intellectual property. I think its fair to say that Eitri has had a baptism of fire over the last weeks and it will be exciting to see how projects and innovation from campus Haukeland evolve in this unique ecosystem! Don\u2019t be afraid to reach out to Eitri or myself if your interested in more information on Eitri or how Eitri can help your innovative research.<\/p>\n<p>Contact: <a href=\"https:\/\/www.eitrilab.no\/\">https:\/\/www.eitrilab.no\/<\/a>[:]<\/p>\n","protected":false},"excerpt":{"rendered":"<p>[:no]Eitri helseinkubator \u00e5pnet offisielt 01. November. Ledet av Torleif Markussen Lunde og Maija Slaidina, rommer den nye helseinkubatoren Eitri over 2400 m2 over 2 etasjer, inkludert 3 laboratorier, over 100 kontorplasser samt sm\u00e5 og store m\u00f8terom, dedikert til innovat\u00f8rer. Eitri&hellip;<\/p>\n<p class=\"more-link-p\"><a class=\"more-link\" href=\"https:\/\/k2info.w.uib.no\/en\/2021\/11\/12\/ukens-leder-40\/\">Read more &rarr;<\/a><\/p>\n","protected":false},"author":4848,"featured_media":0,"comment_status":"open","ping_status":"open","sticky":false,"template":"","format":"standard","meta":{"footnotes":""},"categories":[44,39969],"tags":[],"class_list":["post-19540","post","type-post","status-publish","format-standard","hentry","category-nyheter","category-ukens-leder"],"_links":{"self":[{"href":"https:\/\/k2info.w.uib.no\/en\/wp-json\/wp\/v2\/posts\/19540","targetHints":{"allow":["GET"]}}],"collection":[{"href":"https:\/\/k2info.w.uib.no\/en\/wp-json\/wp\/v2\/posts"}],"about":[{"href":"https:\/\/k2info.w.uib.no\/en\/wp-json\/wp\/v2\/types\/post"}],"author":[{"embeddable":true,"href":"https:\/\/k2info.w.uib.no\/en\/wp-json\/wp\/v2\/users\/4848"}],"replies":[{"embeddable":true,"href":"https:\/\/k2info.w.uib.no\/en\/wp-json\/wp\/v2\/comments?post=19540"}],"version-history":[{"count":1,"href":"https:\/\/k2info.w.uib.no\/en\/wp-json\/wp\/v2\/posts\/19540\/revisions"}],"predecessor-version":[{"id":19541,"href":"https:\/\/k2info.w.uib.no\/en\/wp-json\/wp\/v2\/posts\/19540\/revisions\/19541"}],"wp:attachment":[{"href":"https:\/\/k2info.w.uib.no\/en\/wp-json\/wp\/v2\/media?parent=19540"}],"wp:term":[{"taxonomy":"category","embeddable":true,"href":"https:\/\/k2info.w.uib.no\/en\/wp-json\/wp\/v2\/categories?post=19540"},{"taxonomy":"post_tag","embeddable":true,"href":"https:\/\/k2info.w.uib.no\/en\/wp-json\/wp\/v2\/tags?post=19540"}],"curies":[{"name":"wp","href":"https:\/\/api.w.org\/{rel}","templated":true}]}}