{"id":19457,"date":"2021-10-29T10:20:50","date_gmt":"2021-10-29T09:20:50","guid":{"rendered":"https:\/\/k2info.w.uib.no\/?p=19457"},"modified":"2021-10-29T10:20:50","modified_gmt":"2021-10-29T09:20:50","slug":"invitasjon-til-a-bidra-pa-laerernes-dag-2022","status":"publish","type":"post","link":"https:\/\/k2info.w.uib.no\/en\/2021\/10\/29\/invitasjon-til-a-bidra-pa-laerernes-dag-2022\/","title":{"rendered":"[:no]Invitasjon til \u00e5 bidra p\u00e5 L\u00e6rernes dag 2022[:]"},"content":{"rendered":"<p>[:no]Vil du bidra p\u00e5 L\u00e6rernes dag (tidligere faglig-pedagogisk dag) som g\u00e5r av stabelen 28. januar 2022?<\/p>\n<p>L\u00e6rernes dag vil v\u00e6re et fysisk og et digitalt arrangement. Det fysiske arrangementet blir i Grieghallen 28. januar og det digitale arrangementet tar utgangspunkt i produksjoner som er spilt inn i studio i forkant i UiB L\u00e6ringslab.<\/p>\n<p>Til forskjell fra tidligere \u00e5r er det i 2022 ikke et overordnet tema for dagen. M\u00e5lgruppen er l\u00e6rere og andre akt\u00f8rer i skolen. Man registrerer selv hva man \u00f8nsker \u00e5 bidra med innen 15. november, <a href=\"https:\/\/skjemaker.app.uib.no\/view.php?id=11365787\">via dette skjemaet<\/a><\/p>\n<p>Bidraget kan v\u00e6re i form av foredrag, samtale\/debatt mellom flere bidragsytere eller utstilling\/demo\/praktisk forskningsformidling i vrimleareal.<\/p>\n<p><a href=\"http:\/\/k2info.w.uib.no\/files\/2021\/10\/Utfyllende-informasjon-om-Laerernes-dag-2022.pdf\">Her finnes mer utfyllende informasjon om arrangementet samt format og lengde p\u00e5 bidragene.<\/a>[:]<\/p>\n","protected":false},"excerpt":{"rendered":"<p>[:no]Vil du bidra p\u00e5 L\u00e6rernes dag (tidligere faglig-pedagogisk dag) som g\u00e5r av stabelen 28. januar 2022? L\u00e6rernes dag vil v\u00e6re et fysisk og et digitalt arrangement. Det fysiske arrangementet blir i Grieghallen 28. januar og det digitale arrangementet tar utgangspunkt&hellip;<\/p>\n<p class=\"more-link-p\"><a class=\"more-link\" href=\"https:\/\/k2info.w.uib.no\/en\/2021\/10\/29\/invitasjon-til-a-bidra-pa-laerernes-dag-2022\/\">Read more &rarr;<\/a><\/p>\n","protected":false},"author":4848,"featured_media":0,"comment_status":"open","ping_status":"open","sticky":false,"template":"","format":"standard","meta":{"footnotes":""},"categories":[44],"tags":[],"class_list":["post-19457","post","type-post","status-publish","format-standard","hentry","category-nyheter"],"_links":{"self":[{"href":"https:\/\/k2info.w.uib.no\/en\/wp-json\/wp\/v2\/posts\/19457","targetHints":{"allow":["GET"]}}],"collection":[{"href":"https:\/\/k2info.w.uib.no\/en\/wp-json\/wp\/v2\/posts"}],"about":[{"href":"https:\/\/k2info.w.uib.no\/en\/wp-json\/wp\/v2\/types\/post"}],"author":[{"embeddable":true,"href":"https:\/\/k2info.w.uib.no\/en\/wp-json\/wp\/v2\/users\/4848"}],"replies":[{"embeddable":true,"href":"https:\/\/k2info.w.uib.no\/en\/wp-json\/wp\/v2\/comments?post=19457"}],"version-history":[{"count":1,"href":"https:\/\/k2info.w.uib.no\/en\/wp-json\/wp\/v2\/posts\/19457\/revisions"}],"predecessor-version":[{"id":19459,"href":"https:\/\/k2info.w.uib.no\/en\/wp-json\/wp\/v2\/posts\/19457\/revisions\/19459"}],"wp:attachment":[{"href":"https:\/\/k2info.w.uib.no\/en\/wp-json\/wp\/v2\/media?parent=19457"}],"wp:term":[{"taxonomy":"category","embeddable":true,"href":"https:\/\/k2info.w.uib.no\/en\/wp-json\/wp\/v2\/categories?post=19457"},{"taxonomy":"post_tag","embeddable":true,"href":"https:\/\/k2info.w.uib.no\/en\/wp-json\/wp\/v2\/tags?post=19457"}],"curies":[{"name":"wp","href":"https:\/\/api.w.org\/{rel}","templated":true}]}}