{"id":19341,"date":"2021-09-24T11:05:06","date_gmt":"2021-09-24T10:05:06","guid":{"rendered":"https:\/\/k2info.w.uib.no\/?p=19341"},"modified":"2021-09-24T11:05:37","modified_gmt":"2021-09-24T10:05:37","slug":"ukens-leder-35","status":"publish","type":"post","link":"https:\/\/k2info.w.uib.no\/en\/2021\/09\/24\/ukens-leder-35\/","title":{"rendered":"[:no]Ukens leder[:en]Editorial[:]"},"content":{"rendered":"<p>[:no]<strong>OSKE og s\u00f8knadsfrist for status som merittert underviser<\/strong><\/p>\n<p><strong><a href=\"http:\/\/k2info.w.uib.no\/files\/2020\/06\/Mette-Vesterhus2.jpg\"><img loading=\"lazy\" decoding=\"async\" class=\"size-medium wp-image-18102 alignleft\" src=\"http:\/\/k2info.w.uib.no\/files\/2020\/06\/Mette-Vesterhus2-260x300.jpg\" alt=\"\" width=\"260\" height=\"300\" srcset=\"https:\/\/k2info.w.uib.no\/files\/2020\/06\/Mette-Vesterhus2-260x300.jpg 260w, https:\/\/k2info.w.uib.no\/files\/2020\/06\/Mette-Vesterhus2-887x1024.jpg 887w, https:\/\/k2info.w.uib.no\/files\/2020\/06\/Mette-Vesterhus2-768x887.jpg 768w, https:\/\/k2info.w.uib.no\/files\/2020\/06\/Mette-Vesterhus2-1331x1536.jpg 1331w, https:\/\/k2info.w.uib.no\/files\/2020\/06\/Mette-Vesterhus2-624x720.jpg 624w, https:\/\/k2info.w.uib.no\/files\/2020\/06\/Mette-Vesterhus2.jpg 1347w\" sizes=\"auto, (max-width: 260px) 100vw, 260px\" \/><\/a>Status som merittert underviser<\/strong> er en meritteringsordning som er innf\u00f8rt p\u00e5 norske universiteter p\u00e5 bakgrunn av stortingsmelding 16 \u00abKultur for kvalitet i h\u00f8yere utdanning\u00bb. M\u00e5let er \u00e5 stimulere til \u00f8kt undervisningsinnsats, bel\u00f8nne viktig utviklingsarbeid og fremme utdanningskvalitet. Ved MED medf\u00f8rer statusen permanent l\u00f8nnstillegg i tillegg til heder og \u00e6re og medlemskap i et \u00abpedagogisk akademi\u00bb av meritterte undervisere ved fakultetet. Pedagogisk basiskompetanse er et krav; ta Workshop i pedagogisk mappe eller kontakt Enhet for l\u00e6ring om du er i tvil om du oppfyller kravene til pedagogisk basiskompetanse. Det er n\u00e5 for andre gang mulighet til \u00e5 s\u00f8ke status som merittert underviser. <a href=\"http:\/\/k2info.w.uib.no\/files\/2021\/09\/Utlysning_merittering_2021_1..pdf\">Det er viktig \u00e5 lese utlysningsteksten og kriteriene n\u00f8ye<\/a>, og adressere kriteriene man blir bed\u00f8mt etter! Ta gjerne kontakt med meg p\u00e5 <a href=\"mailto:mette.vesterhus@uib.no\">mette.vesterhus@uib.no<\/a> om du overveier \u00e5 s\u00f8ke eller lurer p\u00e5 noe. Vi h\u00e5per at noen av v\u00e5re dyktige og engasjerte undervisere vil skrive gode s\u00f8knader som n\u00e5r opp!<\/p>\n<p><strong>S\u00f8knadsfrist: 1. november.<\/strong><\/p>\n<p><strong>OSKE 12 skal avholdes 8. desember<\/strong>, og planleggingen er godt i gang. Fagmilj\u00f8ene som har f\u00e5tt oppgaver fra sitt fagfelt trukket ut er bedt om \u00e5 rekruttere sensorer og reserver. Studieledelsen har f\u00e5tt beskjed og vil g\u00e5 i gang med \u00e5 finne administrative og teknisk ansatte som kan bidra. OSKE er et viktig og stort arrangement som krever at vi l\u00f8fter sammen, og vi forventer at alle m\u00f8ter foresp\u00f8rsler om \u00e5 bidra med velvilje og en l\u00f8sningsorientert innstilling. Takk til alle administrative og undervisere som har f\u00e5tt dette til p\u00e5 en god m\u00e5te tidligere \u00e5r \u2013 og til de som i h\u00f8st vil bidra til \u00e5 f\u00e5 OSKE 12 av stabelen!<\/p>\n<p><span style=\"font-size: 1rem\">Mette Vesterhus<br \/>\n<\/span><span style=\"font-size: 1rem\">Utdanningsleder K2<\/span>[:en]<strong>OSCE and application deadline for status as Excellent Teacher<\/strong><\/p>\n<p><a href=\"http:\/\/k2info.w.uib.no\/files\/2020\/06\/Mette-Vesterhus2.jpg\"><img loading=\"lazy\" decoding=\"async\" class=\"size-medium wp-image-18102 alignleft\" src=\"http:\/\/k2info.w.uib.no\/files\/2020\/06\/Mette-Vesterhus2-260x300.jpg\" alt=\"\" width=\"260\" height=\"300\" srcset=\"https:\/\/k2info.w.uib.no\/files\/2020\/06\/Mette-Vesterhus2-260x300.jpg 260w, https:\/\/k2info.w.uib.no\/files\/2020\/06\/Mette-Vesterhus2-887x1024.jpg 887w, https:\/\/k2info.w.uib.no\/files\/2020\/06\/Mette-Vesterhus2-768x887.jpg 768w, https:\/\/k2info.w.uib.no\/files\/2020\/06\/Mette-Vesterhus2-1331x1536.jpg 1331w, https:\/\/k2info.w.uib.no\/files\/2020\/06\/Mette-Vesterhus2-624x720.jpg 624w, https:\/\/k2info.w.uib.no\/files\/2020\/06\/Mette-Vesterhus2.jpg 1347w\" sizes=\"auto, (max-width: 260px) 100vw, 260px\" \/><\/a>The White Paper \u00abQuality Culture in Higher Education\u00bb emphasized that all Norwegian universities must establish a pedagogical qualification framework. The intention with a pedagogical qualification framework is to inspire and reward teachers and academic communities for systematic work in educational development. At MED, the status as Excellent Teacher leads to a permanent salary raise as well as membership in a \u201cpedagogical academy\u201d of excellent teachers at the faculty. Basic pedagogical qualification is required. There is now a new application deadline for status as Excellent Teacher. <a href=\"http:\/\/k2info.w.uib.no\/files\/2021\/09\/Utlysning_merittering_2021_1..pdf\">It is important to read and address the criteria<\/a> on which the evaluation of the applications is based. Please do not hesitate to contact me at <a href=\"mailto:mette.vesterhus@uib.no\">mette.vesterhus@uib.no<\/a> if you consider submitting an application or have questions. We hope that some of our skilled and enthusiastic teachers will submit well-written applications which will win this award!<\/p>\n<p><strong>Application deadline: November 1<sup>st<\/sup> <\/strong><\/p>\n<p>OSCE 12 will be arranged on December 8<sup>th<\/sup>, and planning is well under way. The responsible persons for subjects that are part of the exam this year are alerted and will recruit sensors. The administration will reach out to administrative and technical staff and request their participation. OSCE is important and require teamwork and team spirit. We expect that everybody responds to requests with a positive attitude. We want to thank all of you who have contributed in previous years \u2013 and those of you who are contributing to OSCE 12 this December![:]<\/p>\n","protected":false},"excerpt":{"rendered":"<p>[:no]OSKE og s\u00f8knadsfrist for status som merittert underviser Status som merittert underviser er en meritteringsordning som er innf\u00f8rt p\u00e5 norske universiteter p\u00e5 bakgrunn av stortingsmelding 16 \u00abKultur for kvalitet i h\u00f8yere utdanning\u00bb. M\u00e5let er \u00e5 stimulere til \u00f8kt undervisningsinnsats, bel\u00f8nne&hellip;<\/p>\n<p class=\"more-link-p\"><a class=\"more-link\" href=\"https:\/\/k2info.w.uib.no\/en\/2021\/09\/24\/ukens-leder-35\/\">Read more &rarr;<\/a><\/p>\n","protected":false},"author":4848,"featured_media":0,"comment_status":"open","ping_status":"open","sticky":false,"template":"","format":"standard","meta":{"footnotes":""},"categories":[39969],"tags":[],"class_list":["post-19341","post","type-post","status-publish","format-standard","hentry","category-ukens-leder"],"_links":{"self":[{"href":"https:\/\/k2info.w.uib.no\/en\/wp-json\/wp\/v2\/posts\/19341","targetHints":{"allow":["GET"]}}],"collection":[{"href":"https:\/\/k2info.w.uib.no\/en\/wp-json\/wp\/v2\/posts"}],"about":[{"href":"https:\/\/k2info.w.uib.no\/en\/wp-json\/wp\/v2\/types\/post"}],"author":[{"embeddable":true,"href":"https:\/\/k2info.w.uib.no\/en\/wp-json\/wp\/v2\/users\/4848"}],"replies":[{"embeddable":true,"href":"https:\/\/k2info.w.uib.no\/en\/wp-json\/wp\/v2\/comments?post=19341"}],"version-history":[{"count":2,"href":"https:\/\/k2info.w.uib.no\/en\/wp-json\/wp\/v2\/posts\/19341\/revisions"}],"predecessor-version":[{"id":19344,"href":"https:\/\/k2info.w.uib.no\/en\/wp-json\/wp\/v2\/posts\/19341\/revisions\/19344"}],"wp:attachment":[{"href":"https:\/\/k2info.w.uib.no\/en\/wp-json\/wp\/v2\/media?parent=19341"}],"wp:term":[{"taxonomy":"category","embeddable":true,"href":"https:\/\/k2info.w.uib.no\/en\/wp-json\/wp\/v2\/categories?post=19341"},{"taxonomy":"post_tag","embeddable":true,"href":"https:\/\/k2info.w.uib.no\/en\/wp-json\/wp\/v2\/tags?post=19341"}],"curies":[{"name":"wp","href":"https:\/\/api.w.org\/{rel}","templated":true}]}}