{"id":19024,"date":"2021-05-07T14:15:56","date_gmt":"2021-05-07T13:15:56","guid":{"rendered":"https:\/\/k2info.w.uib.no\/?p=19024"},"modified":"2021-05-07T14:15:56","modified_gmt":"2021-05-07T13:15:56","slug":"ukens-leder-31","status":"publish","type":"post","link":"https:\/\/k2info.w.uib.no\/en\/2021\/05\/07\/ukens-leder-31\/","title":{"rendered":"[:no]Ukens leder[:en]This weeks edithorial[:]"},"content":{"rendered":"<p>[:no]<img loading=\"lazy\" decoding=\"async\" class=\"alignleft size-medium wp-image-18803\" src=\"http:\/\/k2info.w.uib.no\/files\/2021\/02\/Pal-Njolstad-229x300.png\" alt=\"\" width=\"229\" height=\"300\" srcset=\"https:\/\/k2info.w.uib.no\/files\/2021\/02\/Pal-Njolstad-229x300.png 229w, https:\/\/k2info.w.uib.no\/files\/2021\/02\/Pal-Njolstad.png 250w\" sizes=\"auto, (max-width: 229px) 100vw, 229px\" \/>V\u00e5ren er en travel tid med mange s\u00f8knadsfrister. Selv om NFR har fremskj\u00f8vet den vanlige fristen i juni til februar, er det 12\/5 frist for Forskningssenter for klinisk behandling (FKB). Det er flere ved K2 som s\u00f8ker. Takk for at dere s\u00f8ker og lykke til med innspurten!<\/p>\n<p>Fristen til\u00a0<a href=\"https:\/\/nettsoknad.kreftforeningen.no\/#call\/1341\">Kreftforeningens \u00e5pne utlysning<\/a>\u00a0er 1. juni og vi \u00f8nsker \u00e5 f\u00e5 en oversikt over aktuelle s\u00f8kere for \u00e5 f\u00e5 satt av tid til budsjettering av prosjektene. Send gjerne en mail til\u00a0<a href=\"mailto:amra.grudic@uib.no\">amra.grudic@uib.no<\/a>\u00a0om du planlegger \u00e5 s\u00f8ke. Merk ogs\u00e5 at midlene fra Rosa Sl\u00f8yfe-aksjonen har frist samme dag med fokus p\u00e5 persontilpasset brystkreftbehandling.<\/p>\n<p>Ha en god helg!<\/p>\n<p>P\u00e5l<\/p>\n<p>&nbsp;[:en]<img loading=\"lazy\" decoding=\"async\" class=\"alignleft size-medium wp-image-18803\" src=\"http:\/\/k2info.w.uib.no\/files\/2021\/02\/Pal-Njolstad-229x300.png\" alt=\"\" width=\"229\" height=\"300\" srcset=\"https:\/\/k2info.w.uib.no\/files\/2021\/02\/Pal-Njolstad-229x300.png 229w, https:\/\/k2info.w.uib.no\/files\/2021\/02\/Pal-Njolstad.png 250w\" sizes=\"auto, (max-width: 229px) 100vw, 229px\" \/>Spring is a busy time with many application deadlines. Although RCN has changed the usual deadline from June to February, there is a deadline May 12 for the Center for Clinical Treatment Research (FKB). There are several at K2 who are applying. Thank you for applying and good luck!<\/p>\n<p>The deadline for the Norwegian Cancer Society&#8217;s open announcement is June 1. We need to get an overview of current applicants to set aside time for budgeting the projects. Feel free to send an email to amra.grudic@uib.no if you plan to apply. Also note that the funds from the Pink Ribbon Campaign (Rosa Sl\u00f8yfe) has a deadline the same day with a focus on personalized breast cancer treatment.<\/p>\n<p>Have a good weekend!<\/p>\n<p>P\u00e5l[:]<\/p>\n","protected":false},"excerpt":{"rendered":"<p>[:no]V\u00e5ren er en travel tid med mange s\u00f8knadsfrister. Selv om NFR har fremskj\u00f8vet den vanlige fristen i juni til februar, er det 12\/5 frist for Forskningssenter for klinisk behandling (FKB). Det er flere ved K2 som s\u00f8ker. Takk for at&hellip;<\/p>\n<p class=\"more-link-p\"><a class=\"more-link\" href=\"https:\/\/k2info.w.uib.no\/en\/2021\/05\/07\/ukens-leder-31\/\">Read more &rarr;<\/a><\/p>\n","protected":false},"author":2783,"featured_media":0,"comment_status":"open","ping_status":"open","sticky":false,"template":"","format":"standard","meta":{"footnotes":""},"categories":[44],"tags":[],"class_list":["post-19024","post","type-post","status-publish","format-standard","hentry","category-nyheter"],"_links":{"self":[{"href":"https:\/\/k2info.w.uib.no\/en\/wp-json\/wp\/v2\/posts\/19024","targetHints":{"allow":["GET"]}}],"collection":[{"href":"https:\/\/k2info.w.uib.no\/en\/wp-json\/wp\/v2\/posts"}],"about":[{"href":"https:\/\/k2info.w.uib.no\/en\/wp-json\/wp\/v2\/types\/post"}],"author":[{"embeddable":true,"href":"https:\/\/k2info.w.uib.no\/en\/wp-json\/wp\/v2\/users\/2783"}],"replies":[{"embeddable":true,"href":"https:\/\/k2info.w.uib.no\/en\/wp-json\/wp\/v2\/comments?post=19024"}],"version-history":[{"count":1,"href":"https:\/\/k2info.w.uib.no\/en\/wp-json\/wp\/v2\/posts\/19024\/revisions"}],"predecessor-version":[{"id":19025,"href":"https:\/\/k2info.w.uib.no\/en\/wp-json\/wp\/v2\/posts\/19024\/revisions\/19025"}],"wp:attachment":[{"href":"https:\/\/k2info.w.uib.no\/en\/wp-json\/wp\/v2\/media?parent=19024"}],"wp:term":[{"taxonomy":"category","embeddable":true,"href":"https:\/\/k2info.w.uib.no\/en\/wp-json\/wp\/v2\/categories?post=19024"},{"taxonomy":"post_tag","embeddable":true,"href":"https:\/\/k2info.w.uib.no\/en\/wp-json\/wp\/v2\/tags?post=19024"}],"curies":[{"name":"wp","href":"https:\/\/api.w.org\/{rel}","templated":true}]}}