{"id":18843,"date":"2021-02-12T09:53:51","date_gmt":"2021-02-12T08:53:51","guid":{"rendered":"http:\/\/k2info.w.uib.no\/?p=18843"},"modified":"2021-02-26T09:59:09","modified_gmt":"2021-02-26T08:59:09","slug":"hms-hjornet-ark","status":"publish","type":"post","link":"https:\/\/k2info.w.uib.no\/en\/2021\/02\/12\/hms-hjornet-ark\/","title":{"rendered":"[:no]HMS hj\u00f8rnet &#8211; ARK[:]"},"content":{"rendered":"<p>[:no]<img loading=\"lazy\" decoding=\"async\" class=\"alignleft wp-image-18844 size-full\" style=\"margin-top: 0.857143rem;margin-right: 1.71429rem;margin-bottom: 0.857143rem\" src=\"http:\/\/k2info.w.uib.no\/files\/2021\/02\/HMS.png\" alt=\"\" width=\"336\" height=\"183\" srcset=\"https:\/\/k2info.w.uib.no\/files\/2021\/02\/HMS.png 336w, https:\/\/k2info.w.uib.no\/files\/2021\/02\/HMS-300x163.png 300w\" sizes=\"auto, (max-width: 336px) 100vw, 336px\" \/>Arbeids milj\u00f8 og klimaunders\u00f8kelsen ARK, rulles ut for alle fakulteter og enheter ved UiB i l\u00f8pet av v\u00e5ren 2021. Unders\u00f8kelsen er et verkt\u00f8y, der ansatte f\u00e5r mulighet til \u00e5 gi tilbakemelding p\u00e5 omr\u00e5der som bl.a. kan forbedre helse og trivsel p\u00e5 arbeidsplassen. Unders\u00f8kelsen skal gjennomf\u00f8res hvert 3. \u00e5r, dette er 2. ved K2.<\/p>\n<p><a href=\"https:\/\/www.uib.no\/ark\">For mer informasjon se her.<\/a>[:en]<img loading=\"lazy\" decoding=\"async\" class=\"alignleft size-medium wp-image-18844\" src=\"http:\/\/k2info.w.uib.no\/files\/2021\/02\/HMS-300x163.png\" alt=\"\" width=\"300\" height=\"163\" srcset=\"https:\/\/k2info.w.uib.no\/files\/2021\/02\/HMS-300x163.png 300w, https:\/\/k2info.w.uib.no\/files\/2021\/02\/HMS.png 336w\" sizes=\"auto, (max-width: 300px) 100vw, 300px\" \/>ARK is a working environment and climate survey which will be conducted for all employees at the University of Bergen in 2021. The survey serves as both a management tool and a participation tool and is conducted at the UiB once every 3 years, this is the second time at K2.<\/p>\n<p><a href=\"https:\/\/www.uib.no\/en\/hr\/139112\/working-environment-and-climate-surveys-ark\">See here for more information.<\/a>[:]<\/p>\n","protected":false},"excerpt":{"rendered":"<p>[:no]Arbeids milj\u00f8 og klimaunders\u00f8kelsen ARK, rulles ut for alle fakulteter og enheter ved UiB i l\u00f8pet av v\u00e5ren 2021. Unders\u00f8kelsen er et verkt\u00f8y, der ansatte f\u00e5r mulighet til \u00e5 gi tilbakemelding p\u00e5 omr\u00e5der som bl.a. kan forbedre helse og trivsel&hellip;<\/p>\n<p class=\"more-link-p\"><a class=\"more-link\" href=\"https:\/\/k2info.w.uib.no\/en\/2021\/02\/12\/hms-hjornet-ark\/\">Read more &rarr;<\/a><\/p>\n","protected":false},"author":2783,"featured_media":0,"comment_status":"open","ping_status":"open","sticky":false,"template":"","format":"standard","meta":{"footnotes":""},"categories":[44],"tags":[],"class_list":["post-18843","post","type-post","status-publish","format-standard","hentry","category-nyheter"],"_links":{"self":[{"href":"https:\/\/k2info.w.uib.no\/en\/wp-json\/wp\/v2\/posts\/18843","targetHints":{"allow":["GET"]}}],"collection":[{"href":"https:\/\/k2info.w.uib.no\/en\/wp-json\/wp\/v2\/posts"}],"about":[{"href":"https:\/\/k2info.w.uib.no\/en\/wp-json\/wp\/v2\/types\/post"}],"author":[{"embeddable":true,"href":"https:\/\/k2info.w.uib.no\/en\/wp-json\/wp\/v2\/users\/2783"}],"replies":[{"embeddable":true,"href":"https:\/\/k2info.w.uib.no\/en\/wp-json\/wp\/v2\/comments?post=18843"}],"version-history":[{"count":1,"href":"https:\/\/k2info.w.uib.no\/en\/wp-json\/wp\/v2\/posts\/18843\/revisions"}],"predecessor-version":[{"id":18845,"href":"https:\/\/k2info.w.uib.no\/en\/wp-json\/wp\/v2\/posts\/18843\/revisions\/18845"}],"wp:attachment":[{"href":"https:\/\/k2info.w.uib.no\/en\/wp-json\/wp\/v2\/media?parent=18843"}],"wp:term":[{"taxonomy":"category","embeddable":true,"href":"https:\/\/k2info.w.uib.no\/en\/wp-json\/wp\/v2\/categories?post=18843"},{"taxonomy":"post_tag","embeddable":true,"href":"https:\/\/k2info.w.uib.no\/en\/wp-json\/wp\/v2\/tags?post=18843"}],"curies":[{"name":"wp","href":"https:\/\/api.w.org\/{rel}","templated":true}]}}