{"id":18606,"date":"2020-11-20T12:04:16","date_gmt":"2020-11-20T11:04:16","guid":{"rendered":"http:\/\/k2info.w.uib.no\/?p=18606"},"modified":"2020-11-20T12:04:16","modified_gmt":"2020-11-20T11:04:16","slug":"ugle-mote-og-undervisning","status":"publish","type":"post","link":"https:\/\/k2info.w.uib.no\/en\/2020\/11\/20\/ugle-mote-og-undervisning\/","title":{"rendered":"[:no]UGLE-m\u00f8te og undervisning[:en]UGLE-meeting[:]"},"content":{"rendered":"<p>[:no]<a href=\"http:\/\/k2info.w.uib.no\/files\/2020\/06\/Mette-Vesterhus2.jpg\"><img loading=\"lazy\" decoding=\"async\" class=\"wp-image-18102 alignleft\" src=\"http:\/\/k2info.w.uib.no\/files\/2020\/06\/Mette-Vesterhus2-260x300.jpg\" alt=\"\" width=\"169\" height=\"196\" srcset=\"https:\/\/k2info.w.uib.no\/files\/2020\/06\/Mette-Vesterhus2-260x300.jpg 260w, https:\/\/k2info.w.uib.no\/files\/2020\/06\/Mette-Vesterhus2-887x1024.jpg 887w, https:\/\/k2info.w.uib.no\/files\/2020\/06\/Mette-Vesterhus2-768x887.jpg 768w, https:\/\/k2info.w.uib.no\/files\/2020\/06\/Mette-Vesterhus2-1331x1536.jpg 1331w, https:\/\/k2info.w.uib.no\/files\/2020\/06\/Mette-Vesterhus2-624x720.jpg 624w, https:\/\/k2info.w.uib.no\/files\/2020\/06\/Mette-Vesterhus2.jpg 1347w\" sizes=\"auto, (max-width: 169px) 100vw, 169px\" \/><\/a>Regn, storm og farevarsel har preget Vestlandet de siste dagene. Slik har kanskje jobbhverdagen f\u00f8ltes ogs\u00e5 iblant for de av oss som tar h\u00e5nd om undervisning, eksamen og administrasjon rundt dette, i et h\u00f8stsemester preget av digital omstilling og tilpasning til skiftende regler rundt fysisk samling. Heldigvis er det faktisk sant at bak skyene er himmelen alltid bl\u00e5! Kanskje er vi kommet styrket gjennom stormen, med l\u00e6rdom om nye m\u00e5ter \u00e5 drive undervisning?<\/p>\n<p>Det er p\u00e5 tide \u00e5 dele erfaringer b\u00e5de om dette og om innf\u00f8ringen av undervisningsgrupper og undervisningsgruppeledere n\u00e5r UGLEne m\u00f8tes virtuelt tirsdag 24. november kl 12-13. Lenke sendes i invitasjon til UGLEne.<\/p>\n<p>Minner ogs\u00e5 om skjemakeren som Julie sendte ut for \u00e5 kartlegge undervisningsgruppene. Vi vil gjerne ha svar p\u00e5 denne s\u00e5 snart som mulig, som forberedelse til UGLE-m\u00f8tet. Det g\u00e5r raskt \u00e5 svare \u2013 fint om de som ikke har svart enn\u00e5 gj\u00f8r det innen mandag! Lenke til skjemaker finner du her: <a href=\"https:\/\/skjemaker.app.uib.no\/view.php?id=9325840\">https:\/\/skjemaker.app.uib.no\/view.php?id=9325840<\/a><\/p>\n<p>\u00d8nsker alle en god helg \u2013 forh\u00e5pentlig i vakkert vinterv\u00e6r![:en]<a href=\"http:\/\/k2info.w.uib.no\/files\/2020\/06\/Mette-Vesterhus2.jpg\"><img loading=\"lazy\" decoding=\"async\" class=\" wp-image-18102 alignleft\" src=\"http:\/\/k2info.w.uib.no\/files\/2020\/06\/Mette-Vesterhus2-260x300.jpg\" alt=\"\" width=\"170\" height=\"196\" srcset=\"https:\/\/k2info.w.uib.no\/files\/2020\/06\/Mette-Vesterhus2-260x300.jpg 260w, https:\/\/k2info.w.uib.no\/files\/2020\/06\/Mette-Vesterhus2-887x1024.jpg 887w, https:\/\/k2info.w.uib.no\/files\/2020\/06\/Mette-Vesterhus2-768x887.jpg 768w, https:\/\/k2info.w.uib.no\/files\/2020\/06\/Mette-Vesterhus2-1331x1536.jpg 1331w, https:\/\/k2info.w.uib.no\/files\/2020\/06\/Mette-Vesterhus2-624x720.jpg 624w, https:\/\/k2info.w.uib.no\/files\/2020\/06\/Mette-Vesterhus2.jpg 1347w\" sizes=\"auto, (max-width: 170px) 100vw, 170px\" \/><\/a>Rain, storm and weather warnings have characterized Western Norway over the last couple of days. Perhaps this is how everyday work life has felt sometimes for those of us who take care of teaching, exams and administration of this, in a semester characterized by digital conversion and adaption to variable rules for physical gathering or distancing. Luckily, it is in fact true that every cloud has a silver lining. Is it possible that we may have gained something on our way through the storm, like new ways of teaching?<\/p>\n<p>It is time to share our experiences regarding this as well as regarding the implementation of the K2 teaching groups when the teaching group leaders (UGLE) meet virtually on Tuesday November 24<sup>th<\/sup> at 12-13. Link will be provided in a separate invitation to the UGLEs.<\/p>\n<p>I would like to remind you of the short questionnaire that Julie sent to get an overview over the UNDERVISNINGSGRUPPENE. We would like to get the responses as soon as possible, in preparation for the UGLE meeting. It is swiftly done \u2013 please respond by Monday if you haven\u2019t already done so! You will find the form here: <a href=\"https:\/\/skjemaker.app.uib.no\/view.php?id=9325840\">https:\/\/skjemaker.app.uib.no\/view.php?id=9325840<\/a><\/p>\n<p>Wishing you a lovely wintery weekend.[:]<\/p>\n","protected":false},"excerpt":{"rendered":"<p>[:no]Regn, storm og farevarsel har preget Vestlandet de siste dagene. Slik har kanskje jobbhverdagen f\u00f8ltes ogs\u00e5 iblant for de av oss som tar h\u00e5nd om undervisning, eksamen og administrasjon rundt dette, i et h\u00f8stsemester preget av digital omstilling og tilpasning&hellip;<\/p>\n<p class=\"more-link-p\"><a class=\"more-link\" href=\"https:\/\/k2info.w.uib.no\/en\/2020\/11\/20\/ugle-mote-og-undervisning\/\">Read more &rarr;<\/a><\/p>\n","protected":false},"author":4575,"featured_media":0,"comment_status":"open","ping_status":"open","sticky":false,"template":"","format":"standard","meta":{"footnotes":""},"categories":[39969],"tags":[],"class_list":["post-18606","post","type-post","status-publish","format-standard","hentry","category-ukens-leder"],"_links":{"self":[{"href":"https:\/\/k2info.w.uib.no\/en\/wp-json\/wp\/v2\/posts\/18606","targetHints":{"allow":["GET"]}}],"collection":[{"href":"https:\/\/k2info.w.uib.no\/en\/wp-json\/wp\/v2\/posts"}],"about":[{"href":"https:\/\/k2info.w.uib.no\/en\/wp-json\/wp\/v2\/types\/post"}],"author":[{"embeddable":true,"href":"https:\/\/k2info.w.uib.no\/en\/wp-json\/wp\/v2\/users\/4575"}],"replies":[{"embeddable":true,"href":"https:\/\/k2info.w.uib.no\/en\/wp-json\/wp\/v2\/comments?post=18606"}],"version-history":[{"count":1,"href":"https:\/\/k2info.w.uib.no\/en\/wp-json\/wp\/v2\/posts\/18606\/revisions"}],"predecessor-version":[{"id":18607,"href":"https:\/\/k2info.w.uib.no\/en\/wp-json\/wp\/v2\/posts\/18606\/revisions\/18607"}],"wp:attachment":[{"href":"https:\/\/k2info.w.uib.no\/en\/wp-json\/wp\/v2\/media?parent=18606"}],"wp:term":[{"taxonomy":"category","embeddable":true,"href":"https:\/\/k2info.w.uib.no\/en\/wp-json\/wp\/v2\/categories?post=18606"},{"taxonomy":"post_tag","embeddable":true,"href":"https:\/\/k2info.w.uib.no\/en\/wp-json\/wp\/v2\/tags?post=18606"}],"curies":[{"name":"wp","href":"https:\/\/api.w.org\/{rel}","templated":true}]}}