{"id":18352,"date":"2020-09-17T20:17:55","date_gmt":"2020-09-17T19:17:55","guid":{"rendered":"http:\/\/k2info.w.uib.no\/?p=18352"},"modified":"2020-09-17T20:17:55","modified_gmt":"2020-09-17T19:17:55","slug":"til-alle-forsteamanuensiser-med-onske-om-opprykk-til-professor","status":"publish","type":"post","link":"https:\/\/k2info.w.uib.no\/en\/2020\/09\/17\/til-alle-forsteamanuensiser-med-onske-om-opprykk-til-professor\/","title":{"rendered":"[:no]Til alle f\u00f8rsteamanuensiser med \u00f8nske om opprykk til professor[:en]To all associate professors wanting promotion to professor[:]"},"content":{"rendered":"<p>[:no]\u00c5rets s\u00f8knadsfrist for \u00e5 s\u00f8ke om opprykk til professor etter kompetanse kom kanskje litt br\u00e5tt p\u00e5 noen av dere i den unntakstilstanden vi har opplevd i det siste. Hadde de tenkt \u00e5 s\u00f8ke om opprykk i \u00e5r, men rakk ikke denne fristen p\u00e5 grunn av korona-relaterte forsinkelser? Da kan du sende inn en kortfattet begrunnelse (to-tre setninger) til <a>Gerd.Johannesen@uib.no<\/a> senest 25. september kl 15.00. Du vil d\u00e5 f\u00e5 en ny anledning til \u00e5 s\u00f8ke ved ekstraordin\u00e6r frist som er satt til 31.12.2020.<\/p>\n<p>De som allerede har s\u00f8kt innen ordin\u00e6r frist, vil bli behandlet som vanlig.[:en]This year&#8217;s deadline for applying for promotion to professor after competence may have come somewhat abruptly on some of you in these extraordinary times. Did you want to apply for promotion this year, but didn&#8217;t meet this deadline due to corona-related delays? Then you can submit a brief justification (two-three \u00a0sentences) to \u00a0Gerd.Johannesen@uib.no\u00a0 by September 25, 15:00. You will then get another opportunity to apply at an extraordinary deadline set for 31.12.2020.<\/p>\n<p>Those who have already applied within the ordinary deadline will be treated as usual.[:]<\/p>\n","protected":false},"excerpt":{"rendered":"<p>[:no]\u00c5rets s\u00f8knadsfrist for \u00e5 s\u00f8ke om opprykk til professor etter kompetanse kom kanskje litt br\u00e5tt p\u00e5 noen av dere i den unntakstilstanden vi har opplevd i det siste. Hadde de tenkt \u00e5 s\u00f8ke om opprykk i \u00e5r, men rakk ikke&hellip;<\/p>\n<p class=\"more-link-p\"><a class=\"more-link\" href=\"https:\/\/k2info.w.uib.no\/en\/2020\/09\/17\/til-alle-forsteamanuensiser-med-onske-om-opprykk-til-professor\/\">Read more &rarr;<\/a><\/p>\n","protected":false},"author":4575,"featured_media":0,"comment_status":"open","ping_status":"open","sticky":false,"template":"","format":"standard","meta":{"footnotes":""},"categories":[44],"tags":[],"class_list":["post-18352","post","type-post","status-publish","format-standard","hentry","category-nyheter"],"_links":{"self":[{"href":"https:\/\/k2info.w.uib.no\/en\/wp-json\/wp\/v2\/posts\/18352","targetHints":{"allow":["GET"]}}],"collection":[{"href":"https:\/\/k2info.w.uib.no\/en\/wp-json\/wp\/v2\/posts"}],"about":[{"href":"https:\/\/k2info.w.uib.no\/en\/wp-json\/wp\/v2\/types\/post"}],"author":[{"embeddable":true,"href":"https:\/\/k2info.w.uib.no\/en\/wp-json\/wp\/v2\/users\/4575"}],"replies":[{"embeddable":true,"href":"https:\/\/k2info.w.uib.no\/en\/wp-json\/wp\/v2\/comments?post=18352"}],"version-history":[{"count":1,"href":"https:\/\/k2info.w.uib.no\/en\/wp-json\/wp\/v2\/posts\/18352\/revisions"}],"predecessor-version":[{"id":18353,"href":"https:\/\/k2info.w.uib.no\/en\/wp-json\/wp\/v2\/posts\/18352\/revisions\/18353"}],"wp:attachment":[{"href":"https:\/\/k2info.w.uib.no\/en\/wp-json\/wp\/v2\/media?parent=18352"}],"wp:term":[{"taxonomy":"category","embeddable":true,"href":"https:\/\/k2info.w.uib.no\/en\/wp-json\/wp\/v2\/categories?post=18352"},{"taxonomy":"post_tag","embeddable":true,"href":"https:\/\/k2info.w.uib.no\/en\/wp-json\/wp\/v2\/tags?post=18352"}],"curies":[{"name":"wp","href":"https:\/\/api.w.org\/{rel}","templated":true}]}}