{"id":17857,"date":"2020-04-30T08:14:13","date_gmt":"2020-04-30T07:14:13","guid":{"rendered":"http:\/\/k2info.w.uib.no\/?p=17857"},"modified":"2020-04-30T08:17:04","modified_gmt":"2020-04-30T07:17:04","slug":"kjaere-alle-sammen","status":"publish","type":"post","link":"https:\/\/k2info.w.uib.no\/en\/2020\/04\/30\/kjaere-alle-sammen\/","title":{"rendered":"[:no]Kj\u00e6re alle sammen![:en]Dear all![:]"},"content":{"rendered":"<p>[:no]<a href=\"http:\/\/k2info.w.uib.no\/files\/2017\/11\/picture-7824-1418988707.jpg\"><img loading=\"lazy\" decoding=\"async\" class=\" wp-image-13140 alignleft\" src=\"http:\/\/k2info.w.uib.no\/files\/2017\/11\/picture-7824-1418988707.jpg\" alt=\"\" width=\"161\" height=\"201\" \/><\/a>N\u00e5 har det g\u00e5tt n\u00e6rmere 7 uker siden UiB ble stengt p\u00e5 grunn av SARS-CoV-2 pandemien. De fleste av oss er fortsatt p\u00e5lagt hjemmekontor. Siden mandag 27\/4 ble det en del lettelser n\u00e5r det gjelder tilgang til laboratoriene, inkludert ferdighetslaboratorier og andre \u00f8vingslokaler ved MED s\u00e5nn at noen flere har kommet seg tilbake p\u00e5 jobb n\u00e5. Men det er fortsatt unntaksvis at tilgang gis!<\/p>\n<p>Husk at det er forskningsgruppelederen som skal sende en liste over hvem som skal ha tilgang til meg (inklusive risikovurdering og bekreftelse over best\u00e5tt smittevernkurs), og s\u00e5 avgj\u00f8r P\u00e5l som instituttleder hvem som f\u00e5r tilgang. Og s\u00e5 gjelder selvsagt smittevern- og hygieneregler n\u00e5r man er p\u00e5 jobb, s\u00e5 det krever en del organisering for \u00e5 unng\u00e5 at det blir for mange personer samtidig i mindre rom. En stor takk til alle de som hjelper til \u00e5 f\u00e5 det til \u00e5 fungere i disse tider!<\/p>\n<p>Jeg vil ogs\u00e5 minne stipendiater som mener at de er blitt forsinket pga. hjemmekontor i Korona-perioden p\u00e5 til \u00e5 lage en skriftlig beskrivelse av forsinkelsen og at veileder bekrefter dette. Dokumentasjonen sendes til fakultetsadministrasjonen p\u00e5 e-post: \u00a0<a href=\"mailto:hrmed@uib.no\">hrmed@uib.no<\/a><u>,<\/u> merk med Korona i emnefeltet. Denne dokumentasjonen vil bli lagt inn i personalmappen p\u00e5 den enkelte og kan danne grunnlag for forlengelse av tilsettingsperioden om n\u00f8dvendig.<\/p>\n<p>Til sist \u00f8nsker jeg dere alle en fin Arbeidernes dag og en god helg![:en]<a href=\"http:\/\/k2info.w.uib.no\/files\/2017\/11\/picture-7824-1418988707.jpg\"><img loading=\"lazy\" decoding=\"async\" class=\" wp-image-13140 alignleft\" src=\"http:\/\/k2info.w.uib.no\/files\/2017\/11\/picture-7824-1418988707.jpg\" alt=\"\" width=\"161\" height=\"201\" \/><\/a>Now it has been nearly 7 weeks since UiB was closed due to the SARS-CoV-2 pandemic. Most of us are still obliged to use home-office. Since Monday 27\/4, some more people have been allowed back in the labs. However, it is still an exception that you get access!<\/p>\n<p>Remember that it is the research group leader who has to send a list of who should have access to me (including risk assessment and confirmation of passed infection control course), and then P\u00e5l as head of department decides who gets access. And then of course, there are the infection control and hygiene rules when you are at work, so it takes some organization to avoid too many people at the same time in smaller rooms. A big thank you to all those who help make it work in these times!<\/p>\n<p>I would also like to remind PhD fellows who have been delayed in their progress because of home-office during the Corona period to make a written description of the delay and let the supervisor confirm this. The documentation has to be sent to the faculty administration by e-mail: \u00a0<a href=\"mailto:hrmed@uib.no\">hrmed@uib.no<\/a><u>,<\/u> mark with Korona in the subject line. This documentation will be entered into the personnel folder of the individual and may form the basis for an extension of the appointment period if necessary.<\/p>\n<p>Finally, I wish you all a nice International Worker\u2019s day and a good weekend![:]<\/p>\n","protected":false},"excerpt":{"rendered":"<p>[:no]N\u00e5 har det g\u00e5tt n\u00e6rmere 7 uker siden UiB ble stengt p\u00e5 grunn av SARS-CoV-2 pandemien. De fleste av oss er fortsatt p\u00e5lagt hjemmekontor. Siden mandag 27\/4 ble det en del lettelser n\u00e5r det gjelder tilgang til laboratoriene, inkludert ferdighetslaboratorier&hellip;<\/p>\n<p class=\"more-link-p\"><a class=\"more-link\" href=\"https:\/\/k2info.w.uib.no\/en\/2020\/04\/30\/kjaere-alle-sammen\/\">Read more &rarr;<\/a><\/p>\n","protected":false},"author":4575,"featured_media":0,"comment_status":"open","ping_status":"open","sticky":false,"template":"","format":"standard","meta":{"footnotes":""},"categories":[39969],"tags":[],"class_list":["post-17857","post","type-post","status-publish","format-standard","hentry","category-ukens-leder"],"_links":{"self":[{"href":"https:\/\/k2info.w.uib.no\/en\/wp-json\/wp\/v2\/posts\/17857","targetHints":{"allow":["GET"]}}],"collection":[{"href":"https:\/\/k2info.w.uib.no\/en\/wp-json\/wp\/v2\/posts"}],"about":[{"href":"https:\/\/k2info.w.uib.no\/en\/wp-json\/wp\/v2\/types\/post"}],"author":[{"embeddable":true,"href":"https:\/\/k2info.w.uib.no\/en\/wp-json\/wp\/v2\/users\/4575"}],"replies":[{"embeddable":true,"href":"https:\/\/k2info.w.uib.no\/en\/wp-json\/wp\/v2\/comments?post=17857"}],"version-history":[{"count":1,"href":"https:\/\/k2info.w.uib.no\/en\/wp-json\/wp\/v2\/posts\/17857\/revisions"}],"predecessor-version":[{"id":17858,"href":"https:\/\/k2info.w.uib.no\/en\/wp-json\/wp\/v2\/posts\/17857\/revisions\/17858"}],"wp:attachment":[{"href":"https:\/\/k2info.w.uib.no\/en\/wp-json\/wp\/v2\/media?parent=17857"}],"wp:term":[{"taxonomy":"category","embeddable":true,"href":"https:\/\/k2info.w.uib.no\/en\/wp-json\/wp\/v2\/categories?post=17857"},{"taxonomy":"post_tag","embeddable":true,"href":"https:\/\/k2info.w.uib.no\/en\/wp-json\/wp\/v2\/tags?post=17857"}],"curies":[{"name":"wp","href":"https:\/\/api.w.org\/{rel}","templated":true}]}}