{"id":17718,"date":"2020-04-17T10:05:44","date_gmt":"2020-04-17T09:05:44","guid":{"rendered":"http:\/\/k2info.w.uib.no\/?p=17718"},"modified":"2020-04-17T10:27:02","modified_gmt":"2020-04-17T09:27:02","slug":"hjemmekontor-linn-iversen","status":"publish","type":"post","link":"https:\/\/k2info.w.uib.no\/en\/2020\/04\/17\/hjemmekontor-linn-iversen\/","title":{"rendered":"[:no]Hjemmekontor &#8211; Linn Iversen[:en]Home office &#8211; Linn Iversen [:]"},"content":{"rendered":"<p>[:no]<span style=\"color: #000000;font-family: Calibri;font-size: medium\"><a href=\"http:\/\/k2info.w.uib.no\/files\/2020\/04\/hjemmekontor.jpg\"><img loading=\"lazy\" decoding=\"async\" class=\"size-medium wp-image-17719 alignleft\" src=\"http:\/\/k2info.w.uib.no\/files\/2020\/04\/hjemmekontor-300x300.jpg\" alt=\"\" width=\"300\" height=\"300\" srcset=\"https:\/\/k2info.w.uib.no\/files\/2020\/04\/hjemmekontor-300x300.jpg 300w, https:\/\/k2info.w.uib.no\/files\/2020\/04\/hjemmekontor-1024x1024.jpg 1024w, https:\/\/k2info.w.uib.no\/files\/2020\/04\/hjemmekontor-150x150.jpg 150w, https:\/\/k2info.w.uib.no\/files\/2020\/04\/hjemmekontor-768x768.jpg 768w, https:\/\/k2info.w.uib.no\/files\/2020\/04\/hjemmekontor-1536x1536.jpg 1536w, https:\/\/k2info.w.uib.no\/files\/2020\/04\/hjemmekontor.jpg 2048w, https:\/\/k2info.w.uib.no\/files\/2020\/04\/hjemmekontor-624x624.jpg 624w\" sizes=\"auto, (max-width: 300px) 100vw, 300px\" \/><\/a>Med klokken:<\/span><\/p>\n<p><span style=\"color: #000000;font-family: Calibri;font-size: medium\">-Kan ikke klage p\u00e5 utsikten fra skrivebordet. Litt gr\u00e5tt i dag, men har vel hatt alle \u00e5rstidene siden 12. mars.<\/span><\/p>\n<p><span style=\"color: #000000;font-family: Calibri;font-size: medium\">-P\u00e5sken har inntatt hjemmekontoret.<\/span><\/p>\n<p><span style=\"color: #000000;font-family: Calibri;font-size: medium\">-Siden fris\u00f8rtimen mandag 16. mars r\u00f8k, ble det en n\u00f8d-klipp i forrige uke. <\/span><\/p>\n<p><span style=\"color: #000000;font-family: Calibri;font-size: medium\">-Mye god, h\u00e5ndfast kunnskap som l\u00f8fter en digital arbeidshverdag.<\/span><\/p>\n<p><span style=\"color: #000000;font-family: Calibri;font-size: medium\">-En klassiker fra 80-tallet er hentet ned fra loftet og f\u00e5r svingt seg p\u00e5 nytt.<\/span><\/p>\n<p><span style=\"color: #000000;font-family: Calibri;font-size: medium\">Etter litt plunder frem og tilbake med tilganger de f\u00f8rste dagene, fungerer alle systemer greit. Men den ergonomiske arbeidsstillingen kan v\u00e6re en utfordring. Det blir en del pauser med t\u00f8ying og b\u00f8ying p\u00e5 stuegulvet. <\/span><\/p>\n<p><span style=\"color: #000000;font-family: Calibri;font-size: medium\">M\u00e5 innr\u00f8mme at kaffen er bedre p\u00e5 hjemmekontor, men ser frem til \u00e5 v\u00e6re tilbake p\u00e5 campus. Godt for kroppen \u00e5 f\u00e5 beveget seg hver dag. S\u00e5 har fors\u00f8kt meg p\u00e5 litt hagearbeid p\u00e5 ettermiddagene. <\/span><\/p>\n<p><span style=\"color: #000000;font-family: Calibri;font-size: medium\">Som \u00f8konom best\u00e5r arbeidshverdagen av mange mindre arbeidsoppgaver. Det gj\u00f8r det greit \u00e5 lage lister \u00e5 arbeide etter og dele opp dagen litt slik at skuldre, rygg og nakke ikke blir overbelastet.<\/span><\/p>\n<p>&nbsp;[:en]<span style=\"color: #000000;font-family: Calibri;font-size: medium\"><a href=\"http:\/\/k2info.w.uib.no\/files\/2020\/04\/hjemmekontor.jpg\"><img loading=\"lazy\" decoding=\"async\" class=\"size-medium wp-image-17719 alignleft\" src=\"http:\/\/k2info.w.uib.no\/files\/2020\/04\/hjemmekontor-300x300.jpg\" alt=\"\" width=\"300\" height=\"300\" srcset=\"https:\/\/k2info.w.uib.no\/files\/2020\/04\/hjemmekontor-300x300.jpg 300w, https:\/\/k2info.w.uib.no\/files\/2020\/04\/hjemmekontor-1024x1024.jpg 1024w, https:\/\/k2info.w.uib.no\/files\/2020\/04\/hjemmekontor-150x150.jpg 150w, https:\/\/k2info.w.uib.no\/files\/2020\/04\/hjemmekontor-768x768.jpg 768w, https:\/\/k2info.w.uib.no\/files\/2020\/04\/hjemmekontor-1536x1536.jpg 1536w, https:\/\/k2info.w.uib.no\/files\/2020\/04\/hjemmekontor.jpg 2048w, https:\/\/k2info.w.uib.no\/files\/2020\/04\/hjemmekontor-624x624.jpg 624w\" sizes=\"auto, (max-width: 300px) 100vw, 300px\" \/><\/a>Clockwise:<\/span><\/p>\n<p><span style=\"color: #000000;font-family: Calibri;font-size: medium\">-Can&#8217;t complain about the view. A little cloudy today, but have had all seasons since March 12.<\/span><\/p>\n<p><span style=\"color: #000000;font-family: Calibri;font-size: medium\">&#8211; Easter pops up.<\/span><\/p>\n<p><span style=\"color: #000000;font-family: Calibri;font-size: medium\">&#8211; Since my appointment with the hairdresser on March 16 got canceled, I had an emergency cut last week.<\/span><\/p>\n<p><span style=\"color: #000000;font-family: Calibri;font-size: medium\">-A good, classical base for lifting a digital workday.<\/span><\/p>\n<p><span style=\"color: #000000;font-family: Calibri;font-size: medium\">-A classic from the 80s has been brought down from the attic and given the opportunity to swing again.<\/span><\/p>\n<p><span style=\"color: #000000;font-family: Calibri;font-size: medium\">After a little hick-ups with the digital hock-up in the first few days, all systems work fine. But the ergonomic working position can be a challenge. I take breaks doing stretching exercises on the living room floor. <\/span><\/p>\n<p><span style=\"color: #000000;font-family: Calibri;font-size: medium\">Must admit that the coffee is better in the home office, but look forward to being back on campus. As a controller, everyday work consists of many smaller work tasks. It makes it easy to create lists to work with and plan the workday so that the shoulders, back and neck are not overloaded.<\/span>[:]<\/p>\n","protected":false},"excerpt":{"rendered":"<p>[:no]Med klokken: -Kan ikke klage p\u00e5 utsikten fra skrivebordet. Litt gr\u00e5tt i dag, men har vel hatt alle \u00e5rstidene siden 12. mars. -P\u00e5sken har inntatt hjemmekontoret. -Siden fris\u00f8rtimen mandag 16. mars r\u00f8k, ble det en n\u00f8d-klipp i forrige uke. -Mye&hellip;<\/p>\n<p class=\"more-link-p\"><a class=\"more-link\" href=\"https:\/\/k2info.w.uib.no\/en\/2020\/04\/17\/hjemmekontor-linn-iversen\/\">Read more &rarr;<\/a><\/p>\n","protected":false},"author":4474,"featured_media":0,"comment_status":"open","ping_status":"open","sticky":false,"template":"","format":"standard","meta":{"footnotes":""},"categories":[44],"tags":[],"class_list":["post-17718","post","type-post","status-publish","format-standard","hentry","category-nyheter"],"_links":{"self":[{"href":"https:\/\/k2info.w.uib.no\/en\/wp-json\/wp\/v2\/posts\/17718","targetHints":{"allow":["GET"]}}],"collection":[{"href":"https:\/\/k2info.w.uib.no\/en\/wp-json\/wp\/v2\/posts"}],"about":[{"href":"https:\/\/k2info.w.uib.no\/en\/wp-json\/wp\/v2\/types\/post"}],"author":[{"embeddable":true,"href":"https:\/\/k2info.w.uib.no\/en\/wp-json\/wp\/v2\/users\/4474"}],"replies":[{"embeddable":true,"href":"https:\/\/k2info.w.uib.no\/en\/wp-json\/wp\/v2\/comments?post=17718"}],"version-history":[{"count":4,"href":"https:\/\/k2info.w.uib.no\/en\/wp-json\/wp\/v2\/posts\/17718\/revisions"}],"predecessor-version":[{"id":17735,"href":"https:\/\/k2info.w.uib.no\/en\/wp-json\/wp\/v2\/posts\/17718\/revisions\/17735"}],"wp:attachment":[{"href":"https:\/\/k2info.w.uib.no\/en\/wp-json\/wp\/v2\/media?parent=17718"}],"wp:term":[{"taxonomy":"category","embeddable":true,"href":"https:\/\/k2info.w.uib.no\/en\/wp-json\/wp\/v2\/categories?post=17718"},{"taxonomy":"post_tag","embeddable":true,"href":"https:\/\/k2info.w.uib.no\/en\/wp-json\/wp\/v2\/tags?post=17718"}],"curies":[{"name":"wp","href":"https:\/\/api.w.org\/{rel}","templated":true}]}}