{"id":17670,"date":"2020-04-03T09:23:14","date_gmt":"2020-04-03T08:23:14","guid":{"rendered":"http:\/\/k2info.w.uib.no\/?p=17670"},"modified":"2020-04-03T09:24:11","modified_gmt":"2020-04-03T08:24:11","slug":"god-paske-2","status":"publish","type":"post","link":"https:\/\/k2info.w.uib.no\/en\/2020\/04\/03\/god-paske-2\/","title":{"rendered":"[:no]God p\u00e5ske![:en]Happy Easter holidays![:]"},"content":{"rendered":"<p>[:no]<a href=\"http:\/\/k2info.w.uib.no\/files\/2018\/08\/P\u00e5l-Nj\u00f8lstad.png\"><img loading=\"lazy\" decoding=\"async\" class=\" wp-image-14369 alignleft\" src=\"http:\/\/k2info.w.uib.no\/files\/2018\/08\/P\u00e5l-Nj\u00f8lstad.png\" alt=\"\" width=\"172\" height=\"225\" srcset=\"https:\/\/k2info.w.uib.no\/files\/2018\/08\/P\u00e5l-Nj\u00f8lstad.png 250w, https:\/\/k2info.w.uib.no\/files\/2018\/08\/P\u00e5l-Nj\u00f8lstad-229x300.png 229w\" sizes=\"auto, (max-width: 172px) 100vw, 172px\" \/><\/a>N\u00e5 er p\u00e5sken her igjen, vi kan se frem til stadig lysere dager, varmere sol og noen etterlengtede fridager. Jeg h\u00e5per dere kan ta noen velfortjente dager fri med familie, venner, friluftsliv og hvile.<\/p>\n<p>Koronavirusepidemien har stoppet det meste av eksperimentell forskning og snudd opp ned p\u00e5 undervisning og m\u00f8tevirksomhet. Det har v\u00e6rt en hard og brutal \u00f8velse, men jeg tror vi ogs\u00e5 har l\u00e6rt mye som vi vil ta med oss etter epidemien er over. Jeg vil benytte anledningen til \u00e5 takke dere for konstruktiv og flott holdning og innsats i m\u00f8te med de enorme utfordringene vi har hatt siden 12. mars kl 18. Jeg er virkelig stolt over K2.<\/p>\n<p>8. april vil regjeringen meddele om det blir endringer n\u00e5r det gjelder restriksjoner blant annet for skoler og universiteter. Universitetet operer n\u00e5 med 6 faser der fase 0 er slik vi har det n\u00e5 og fase 5 er vanlig aktivitet. Dersom det blir lettelser for universitetene, \u00f8nsker UiB at dette skal skje gradvis og langsomt. Vi har kartlagt aktivitet innen forskning og undervisning som kan passe med det universitetet kaller fase 1 og 2 som synes mest realistisk i f\u00f8rste omgang. Forskningsgruppene har f\u00e5tt utfordringen \u00e5 komme med innspill til et begrenset antall prosjekter. Disse har jeg g\u00e5tt gjennom og ut fra sentrale f\u00f8ringer valgt de som synes mest kritisk \u00e5 komme i gang med og f\u00e5 aksept for. Det er sendt s\u00f8knad til fakultetet for unntak fra dagens begrensninger for disse prosjektene. Tidsfristen for denne gjennomgangen ble dessverre uhyre kort, og jeg takker forskningsgruppeledere og forskere for at dere responderte s\u00e5 raskt og konstruktivt.<\/p>\n<p>For mange nordmenn har p\u00e5sken betydd feiring av p\u00e5sken p\u00e5 fjellet, i b\u00e5ten eller i utlandet. Dette blir annerledes i \u00e5r med forbud mot reisevirksomhet og \u00e5 overnatte p\u00e5 hytta i andre kommuner enn bostedsadressen og r\u00e5d om redusert aktivitet p\u00e5 sj\u00f8en. Statsminister Erna Solberg sier det ikke er et forferdelig stort offer \u00e5 v\u00e6re hjemme, og selv om nordmenn er opptatt av egen frihet og selvstendighet, er dette tiden for \u00e5 vise samhold. Jeg er veldig enig med henne. Ta de korte turene istedenfor de lange akkurat n\u00e5. Beredskapen i fjellomr\u00e5dene skal kunne brukes til de som bor der. Hold avstand &#8211; ved \u00e5 utsette oss for smitte, kan vi smitte andre som ikke t\u00e5ler det &#8211; her m\u00e5 vi alle ta et ansvar for v\u00e5re medmennesker. Husk ogs\u00e5 p\u00e5 de som av ulike grunner er alene. H\u00f8ytiden kan i seg selv v\u00e6re en p\u00e5kjenning for dem, og koronavirusepidemien kan legge en ny form for ensomhet til det \u00e5 v\u00e6re alene. Ta en telefon, ha treff i gata med avstand, arranger Skype\/Zoom\/Facetime-m\u00f8ter med prat, konkurranser og annet. Det er bare fantasien som setter begrensninger, det har vi sett p\u00e5 alle de videosnuttene som g\u00e5r viralt for tiden.<\/p>\n<p>\u00d8nsker med dette en riktig god p\u00e5ske til dere alle. Ta vare p\u00e5 dere selv, deres n\u00e6rmeste og de som ikke er de n\u00e6rmeste!<\/p>\n<p>P\u00e5l[:en]<a href=\"http:\/\/k2info.w.uib.no\/files\/2018\/08\/P\u00e5l-Nj\u00f8lstad.png\"><img loading=\"lazy\" decoding=\"async\" class=\" wp-image-14369 alignleft\" src=\"http:\/\/k2info.w.uib.no\/files\/2018\/08\/P\u00e5l-Nj\u00f8lstad.png\" alt=\"\" width=\"172\" height=\"225\" srcset=\"https:\/\/k2info.w.uib.no\/files\/2018\/08\/P\u00e5l-Nj\u00f8lstad.png 250w, https:\/\/k2info.w.uib.no\/files\/2018\/08\/P\u00e5l-Nj\u00f8lstad-229x300.png 229w\" sizes=\"auto, (max-width: 172px) 100vw, 172px\" \/><\/a>Now that the Easter holidays are here again, we can look forward to even brighter days, warmer sun, and some long-awaited holidays. I hope you can enjoy some well-deserved days off with family, friends, outdoor activities, and rest.<\/p>\n<p>The coronavirus epidemic has halted most of the experimental research and turned upside down teaching and meeting activities. It has been a tough and brutal exercise, but I think we have also learned a lot that we will take with us after the epidemic is over. I want to take this opportunity to thank you for your constructive attitude and effort in meeting the enormous challenges we have had since March 12 at 6 pm. I am really proud of the K2.<\/p>\n<p>On April 8, the government will announce possible changes in restrictions on schools and universities. The university now operates with 6 phases where phase 0 is where we are now and phase 5 is regular activity. If there will be any ease of restrictions for the universities, UiB wants this to happen gradually and slowly. We have mapped research and teaching activities that may fit with what the university calls phases 1 and 2, which seem most realistic in the first place. The research groups have been given the challenge of suggesting a limited number of projects. I have reviewed these, and based on central guidelines, selected those that seem most critical to get started and gain acceptance for. An application has been sent to the faculty for exemptions from the current limitations for these projects. Unfortunately, the deadline for this review was extremely short, and I thank the research team leaders and researchers for responding so quickly and constructively.<\/p>\n<p>For many Norwegians, Easter means spending the holidays skiing in the mountains, boating, or travelling abroad. This will be different this year with a ban on travel and spending the night in the cabin in municipalities other than one\u00b4s place of residence and advice on reduced activity at sea. Prime Minister Erna Solberg says it is not a terribly great sacrifice to stay home, and although Norwegians are concerned about their own freedom and independence, this is the time to show unity. I really agree with her. Take the short trips instead of the long ones right now. Emergency preparedness in the mountain areas should be used for those who live there. Keep your distance &#8211; by exposing ourselves to infection, we can infect others who cannot tolerate it &#8211; here we must all take responsibility for our community at large. Also keep in mind those who are alone for various reasons. The holiday itself can be a difficult time for them, and the coronavirus epidemic can add a new kind of loneliness to being alone. Make a phone call, meet on the streets only at a distance, arrange Skype \/ Zoom \/ Facetime meetings with chat, contests and more. Only the imagination sets the limits, we have all seen the video clips that go viral at the moment.<\/p>\n<p>Wishing a happy Easter holiday to all of you. Take care of yourself, your loved ones, and also those who are not the closest!<\/p>\n<p>P\u00e5l[:]<\/p>\n","protected":false},"excerpt":{"rendered":"<p>[:no]N\u00e5 er p\u00e5sken her igjen, vi kan se frem til stadig lysere dager, varmere sol og noen etterlengtede fridager. Jeg h\u00e5per dere kan ta noen velfortjente dager fri med familie, venner, friluftsliv og hvile. Koronavirusepidemien har stoppet det meste av&hellip;<\/p>\n<p class=\"more-link-p\"><a class=\"more-link\" href=\"https:\/\/k2info.w.uib.no\/en\/2020\/04\/03\/god-paske-2\/\">Read more &rarr;<\/a><\/p>\n","protected":false},"author":4575,"featured_media":0,"comment_status":"open","ping_status":"open","sticky":false,"template":"","format":"standard","meta":{"footnotes":""},"categories":[39969],"tags":[],"class_list":["post-17670","post","type-post","status-publish","format-standard","hentry","category-ukens-leder"],"_links":{"self":[{"href":"https:\/\/k2info.w.uib.no\/en\/wp-json\/wp\/v2\/posts\/17670","targetHints":{"allow":["GET"]}}],"collection":[{"href":"https:\/\/k2info.w.uib.no\/en\/wp-json\/wp\/v2\/posts"}],"about":[{"href":"https:\/\/k2info.w.uib.no\/en\/wp-json\/wp\/v2\/types\/post"}],"author":[{"embeddable":true,"href":"https:\/\/k2info.w.uib.no\/en\/wp-json\/wp\/v2\/users\/4575"}],"replies":[{"embeddable":true,"href":"https:\/\/k2info.w.uib.no\/en\/wp-json\/wp\/v2\/comments?post=17670"}],"version-history":[{"count":2,"href":"https:\/\/k2info.w.uib.no\/en\/wp-json\/wp\/v2\/posts\/17670\/revisions"}],"predecessor-version":[{"id":17682,"href":"https:\/\/k2info.w.uib.no\/en\/wp-json\/wp\/v2\/posts\/17670\/revisions\/17682"}],"wp:attachment":[{"href":"https:\/\/k2info.w.uib.no\/en\/wp-json\/wp\/v2\/media?parent=17670"}],"wp:term":[{"taxonomy":"category","embeddable":true,"href":"https:\/\/k2info.w.uib.no\/en\/wp-json\/wp\/v2\/categories?post=17670"},{"taxonomy":"post_tag","embeddable":true,"href":"https:\/\/k2info.w.uib.no\/en\/wp-json\/wp\/v2\/tags?post=17670"}],"curies":[{"name":"wp","href":"https:\/\/api.w.org\/{rel}","templated":true}]}}