{"id":17134,"date":"2020-01-10T12:24:34","date_gmt":"2020-01-10T11:24:34","guid":{"rendered":"http:\/\/k2info.w.uib.no\/?p=17134"},"modified":"2020-01-10T12:31:28","modified_gmt":"2020-01-10T11:31:28","slug":"godt-nyttar-2","status":"publish","type":"post","link":"https:\/\/k2info.w.uib.no\/en\/2020\/01\/10\/godt-nyttar-2\/","title":{"rendered":"[:no]Godt Nytt\u00e5r![:en]Happy New Year![:]"},"content":{"rendered":"<p>[:no]<\/p>\n<p style=\"text-align: left\"><a href=\"http:\/\/k2info.w.uib.no\/files\/2018\/08\/P\u00e5l-Nj\u00f8lstad.png\"><img loading=\"lazy\" decoding=\"async\" class=\" wp-image-14369 alignleft\" src=\"http:\/\/k2info.w.uib.no\/files\/2018\/08\/P\u00e5l-Nj\u00f8lstad.png\" alt=\"\" width=\"152\" height=\"199\" srcset=\"https:\/\/k2info.w.uib.no\/files\/2018\/08\/P\u00e5l-Nj\u00f8lstad.png 250w, https:\/\/k2info.w.uib.no\/files\/2018\/08\/P\u00e5l-Nj\u00f8lstad-229x300.png 229w\" sizes=\"auto, (max-width: 152px) 100vw, 152px\" \/><\/a>Jul og fridagene i enden av \u00e5ret er over. Det har v\u00e6rt en travel tid \u2013 alt mulig skal fikses og ordnes til noen f\u00e5, intense dager. Men det har for de fleste gitt opplevelse av h\u00f8ytid og mulighet til ettertanke, refleksjon og samv\u00e6r med de en er glad i. Det gir motivasjon og styrke til \u00e5 ta fatt p\u00e5 et nytt \u00e5r med nye muligheter.<\/p>\n<p>Det er naturlig \u00e5 begynne et nytt \u00e5r med strategiske tanker. Ledelsen vil i februar gjennomf\u00f8re et strategiseminar for forskningsgruppeledere, plattformledere og UGLEr (om instituttr\u00e5det vedtar den nye ordningen). Hovedtemaet i \u00e5r blir kommunikasjon. Senere p\u00e5 v\u00e5ren skal vi ha en egen dag med fokus p\u00e5 undervisning og til h\u00f8sten blir det et seminar med HMS-arbeid p\u00e5 agendaen. Fjor\u00e5rets K2-seminar (K2 Retreat) p\u00e5 Solstrand for alle var en suksess, men budsjettsituasjonen gj\u00f8r at vi ikke kan gjenta dette i \u00e5r. Vi h\u00e5per imidlertid \u00e5 kunne gjenta K2-seminar for alle p\u00e5 Solstrand i 2021.[:en]<a href=\"http:\/\/k2info.w.uib.no\/files\/2018\/08\/P\u00e5l-Nj\u00f8lstad.png\"><img loading=\"lazy\" decoding=\"async\" class=\" wp-image-14369 alignleft\" src=\"http:\/\/k2info.w.uib.no\/files\/2018\/08\/P\u00e5l-Nj\u00f8lstad.png\" alt=\"\" width=\"159\" height=\"209\" srcset=\"https:\/\/k2info.w.uib.no\/files\/2018\/08\/P\u00e5l-Nj\u00f8lstad.png 250w, https:\/\/k2info.w.uib.no\/files\/2018\/08\/P\u00e5l-Nj\u00f8lstad-229x300.png 229w\" sizes=\"auto, (max-width: 159px) 100vw, 159px\" \/><\/a>Christmas and the holiday season at the end of the year are over. It has been a busy time &#8211; everything must be fixed and arranged for a few, intense days. However, for most people it has been a precious holiday with time together with the ones we love, as well as an opportunity for contemplation and reflection. It provides motivation and strength to embark on a new year with new opportunities.<\/p>\n<p>It is natural to begin a new year with strategic thinking. In February, the management will conduct a strategy seminar for research group leaders, platform leaders and UGLEs (if the institute council adopts the new scheme). The main theme this year will be communication. Later in the spring we will have a dedicated day focusing on teaching and in the Autumn,\u00a0 there will be a seminar with HMS work on the agenda. Last year&#8217;s K2 seminar (K2 Retreat) at Solstrand for everyone was a success, but the budget situation means that we cannot repeat that for this year. However, we hope to be able to repeat the K2 seminar for everyone at Solstrand in 2021.[:]<\/p>\n","protected":false},"excerpt":{"rendered":"<p>[:no] Jul og fridagene i enden av \u00e5ret er over. Det har v\u00e6rt en travel tid \u2013 alt mulig skal fikses og ordnes til noen f\u00e5, intense dager. Men det har for de fleste gitt opplevelse av h\u00f8ytid og mulighet&hellip;<\/p>\n<p class=\"more-link-p\"><a class=\"more-link\" href=\"https:\/\/k2info.w.uib.no\/en\/2020\/01\/10\/godt-nyttar-2\/\">Read more &rarr;<\/a><\/p>\n","protected":false},"author":4186,"featured_media":0,"comment_status":"open","ping_status":"open","sticky":false,"template":"","format":"standard","meta":{"footnotes":""},"categories":[39969],"tags":[],"class_list":["post-17134","post","type-post","status-publish","format-standard","hentry","category-ukens-leder"],"_links":{"self":[{"href":"https:\/\/k2info.w.uib.no\/en\/wp-json\/wp\/v2\/posts\/17134","targetHints":{"allow":["GET"]}}],"collection":[{"href":"https:\/\/k2info.w.uib.no\/en\/wp-json\/wp\/v2\/posts"}],"about":[{"href":"https:\/\/k2info.w.uib.no\/en\/wp-json\/wp\/v2\/types\/post"}],"author":[{"embeddable":true,"href":"https:\/\/k2info.w.uib.no\/en\/wp-json\/wp\/v2\/users\/4186"}],"replies":[{"embeddable":true,"href":"https:\/\/k2info.w.uib.no\/en\/wp-json\/wp\/v2\/comments?post=17134"}],"version-history":[{"count":2,"href":"https:\/\/k2info.w.uib.no\/en\/wp-json\/wp\/v2\/posts\/17134\/revisions"}],"predecessor-version":[{"id":17143,"href":"https:\/\/k2info.w.uib.no\/en\/wp-json\/wp\/v2\/posts\/17134\/revisions\/17143"}],"wp:attachment":[{"href":"https:\/\/k2info.w.uib.no\/en\/wp-json\/wp\/v2\/media?parent=17134"}],"wp:term":[{"taxonomy":"category","embeddable":true,"href":"https:\/\/k2info.w.uib.no\/en\/wp-json\/wp\/v2\/categories?post=17134"},{"taxonomy":"post_tag","embeddable":true,"href":"https:\/\/k2info.w.uib.no\/en\/wp-json\/wp\/v2\/tags?post=17134"}],"curies":[{"name":"wp","href":"https:\/\/api.w.org\/{rel}","templated":true}]}}