{"id":15898,"date":"2019-03-29T12:52:40","date_gmt":"2019-03-29T11:52:40","guid":{"rendered":"http:\/\/k2info.w.uib.no\/?p=15898"},"modified":"2019-03-29T12:52:40","modified_gmt":"2019-03-29T11:52:40","slug":"et-stort-takk","status":"publish","type":"post","link":"https:\/\/k2info.w.uib.no\/en\/2019\/03\/29\/et-stort-takk\/","title":{"rendered":"[:no]Et stort takk\u2026[:en]A BIG thank you\u2026[:]"},"content":{"rendered":"<p>[:no]<a href=\"http:\/\/k2info.w.uib.no\/files\/2019\/03\/DSC_0640.jpg\"><img loading=\"lazy\" decoding=\"async\" class=\"alignnone size-large wp-image-15899\" src=\"http:\/\/k2info.w.uib.no\/files\/2019\/03\/DSC_0640-1024x683.jpg\" alt=\"\" width=\"625\" height=\"417\" srcset=\"https:\/\/k2info.w.uib.no\/files\/2019\/03\/DSC_0640-1024x683.jpg 1024w, https:\/\/k2info.w.uib.no\/files\/2019\/03\/DSC_0640-300x200.jpg 300w, https:\/\/k2info.w.uib.no\/files\/2019\/03\/DSC_0640-768x512.jpg 768w, https:\/\/k2info.w.uib.no\/files\/2019\/03\/DSC_0640-624x416.jpg 624w\" sizes=\"auto, (max-width: 625px) 100vw, 625px\" \/><\/a>Til alle som har bidratt p\u00e5 konferansen v\u00e5r p\u00e5 Solstrand disse to dagene. Da mener jeg ikke bare alle som har organisert konferansen eller forberedt en presentasjon, eller laget en fantastisk konferanse-sang.<\/p>\n<p>Da mener jeg alle som har v\u00e6rt med og bidratt til den gode stemningen vi har hatt. Det er vanskelig \u00e5 mistrives i de flotte omgivelse Solstrand tilbyr, men denne pene rammen hadde bare v\u00e6rt et tomt skall uten oss og det gode fellesskapet og stemningen vi har hatt her. Takk for gode samtaler, badeturer, lunsjer og samv\u00e6r; jeg tror det har v\u00e6rt godt for oss alle og for fellesskapet ved K2 at vi har brukt tid til \u00e5 bli bedre kjent. Tilbakemeldingene deres underveis har v\u00e6rt s\u00e5 gode og positive at ledergruppen definitivt m\u00e5 vurdere om det er midler til \u00e5 gjenta suksessen igjen neste \u00e5r.<\/p>\n<p>Takk for at dere skaper den gode K2-stemningen.<\/p>\n<p>Hilsen Julie[:en]<a href=\"http:\/\/k2info.w.uib.no\/files\/2019\/03\/DSC_0640.jpg\"><img loading=\"lazy\" decoding=\"async\" class=\"alignnone size-large wp-image-15899\" src=\"http:\/\/k2info.w.uib.no\/files\/2019\/03\/DSC_0640-1024x683.jpg\" alt=\"\" width=\"625\" height=\"417\" srcset=\"https:\/\/k2info.w.uib.no\/files\/2019\/03\/DSC_0640-1024x683.jpg 1024w, https:\/\/k2info.w.uib.no\/files\/2019\/03\/DSC_0640-300x200.jpg 300w, https:\/\/k2info.w.uib.no\/files\/2019\/03\/DSC_0640-768x512.jpg 768w, https:\/\/k2info.w.uib.no\/files\/2019\/03\/DSC_0640-624x416.jpg 624w\" sizes=\"auto, (max-width: 625px) 100vw, 625px\" \/><\/a>To everyone who has contributed to our conference at Solstrand these two days. By contribution I not only mean the people who has organized the conference, or prepared a presentation, or made an amazing K2 conference song. By contribution I mean everybody who has been present and contributed to the amazing atmosphere we have had here. It is undoubtedly hard not to be at ease at Solstrand, but this amazing hotel would be an empty shell without us and the positive atmosphere we have made together. Thank you for good talks, swims in the pool, lunches and time together; I believe it has been good for all of us and for the K2-feel to take this time to get to know each other better. Your feedbacks throughout the stay has been so many and so positive that the leader groups definitely must look for funds to repeat this success next year.<\/p>\n<p>Thank you for creating the K2 spirit.<\/p>\n<p>Best,<br \/>\nJulie[:]<\/p>\n","protected":false},"excerpt":{"rendered":"<p>[:no]Til alle som har bidratt p\u00e5 konferansen v\u00e5r p\u00e5 Solstrand disse to dagene. Da mener jeg ikke bare alle som har organisert konferansen eller forberedt en presentasjon, eller laget en fantastisk konferanse-sang. Da mener jeg alle som har v\u00e6rt med&hellip;<\/p>\n<p class=\"more-link-p\"><a class=\"more-link\" href=\"https:\/\/k2info.w.uib.no\/en\/2019\/03\/29\/et-stort-takk\/\">Read more &rarr;<\/a><\/p>\n","protected":false},"author":3656,"featured_media":0,"comment_status":"open","ping_status":"open","sticky":false,"template":"","format":"standard","meta":{"footnotes":""},"categories":[39969],"tags":[],"class_list":["post-15898","post","type-post","status-publish","format-standard","hentry","category-ukens-leder"],"_links":{"self":[{"href":"https:\/\/k2info.w.uib.no\/en\/wp-json\/wp\/v2\/posts\/15898","targetHints":{"allow":["GET"]}}],"collection":[{"href":"https:\/\/k2info.w.uib.no\/en\/wp-json\/wp\/v2\/posts"}],"about":[{"href":"https:\/\/k2info.w.uib.no\/en\/wp-json\/wp\/v2\/types\/post"}],"author":[{"embeddable":true,"href":"https:\/\/k2info.w.uib.no\/en\/wp-json\/wp\/v2\/users\/3656"}],"replies":[{"embeddable":true,"href":"https:\/\/k2info.w.uib.no\/en\/wp-json\/wp\/v2\/comments?post=15898"}],"version-history":[{"count":1,"href":"https:\/\/k2info.w.uib.no\/en\/wp-json\/wp\/v2\/posts\/15898\/revisions"}],"predecessor-version":[{"id":15900,"href":"https:\/\/k2info.w.uib.no\/en\/wp-json\/wp\/v2\/posts\/15898\/revisions\/15900"}],"wp:attachment":[{"href":"https:\/\/k2info.w.uib.no\/en\/wp-json\/wp\/v2\/media?parent=15898"}],"wp:term":[{"taxonomy":"category","embeddable":true,"href":"https:\/\/k2info.w.uib.no\/en\/wp-json\/wp\/v2\/categories?post=15898"},{"taxonomy":"post_tag","embeddable":true,"href":"https:\/\/k2info.w.uib.no\/en\/wp-json\/wp\/v2\/tags?post=15898"}],"curies":[{"name":"wp","href":"https:\/\/api.w.org\/{rel}","templated":true}]}}