{"id":15674,"date":"2019-02-21T21:07:59","date_gmt":"2019-02-21T20:07:59","guid":{"rendered":"http:\/\/k2info.w.uib.no\/?p=15674"},"modified":"2019-02-22T14:04:44","modified_gmt":"2019-02-22T13:04:44","slug":"nytt-om-navn-64","status":"publish","type":"post","link":"https:\/\/k2info.w.uib.no\/en\/2019\/02\/21\/nytt-om-navn-64\/","title":{"rendered":"[:no]Nytt om navn[:en]New names[:]"},"content":{"rendered":"<p>[:no]<a href=\"http:\/\/k2info.w.uib.no\/files\/2019\/02\/picture-307457-1511341828.jpg\"><img loading=\"lazy\" decoding=\"async\" class=\" wp-image-15675 alignleft\" src=\"http:\/\/k2info.w.uib.no\/files\/2019\/02\/picture-307457-1511341828.jpg\" alt=\"\" width=\"315\" height=\"394\" srcset=\"https:\/\/k2info.w.uib.no\/files\/2019\/02\/picture-307457-1511341828.jpg 400w, https:\/\/k2info.w.uib.no\/files\/2019\/02\/picture-307457-1511341828-240x300.jpg 240w\" sizes=\"auto, (max-width: 315px) 100vw, 315px\" \/><\/a><\/p>\n<p>Burhan begynte som vikar i h\u00f8st 2018 som f\u00f8rstekonsulent i \u00f8konomi avdelingen til K2. N\u00e5 kan vi endelig presentere han som en fast ansatt p\u00e5 instituttet i samme stilling.<\/p>\n<p>K2 \u00f8nsker han velkommen som fast ansatt i administrasjonen.<\/p>\n<p>\u00d8nsker du og kontakte Burhan er han \u00e5 finne i 8.etg i lab bygget men han er ogs\u00e5 p\u00e5 mail: <a href=\"mailto:burhan.limdiawala@uib.no\">burhan.limdiawala@uib.no<\/a>[:en]<a href=\"http:\/\/k2info.w.uib.no\/files\/2019\/02\/picture-307457-1511341828.jpg\"><img loading=\"lazy\" decoding=\"async\" class=\" wp-image-15675 alignleft\" src=\"http:\/\/k2info.w.uib.no\/files\/2019\/02\/picture-307457-1511341828.jpg\" alt=\"\" width=\"285\" height=\"356\" srcset=\"https:\/\/k2info.w.uib.no\/files\/2019\/02\/picture-307457-1511341828.jpg 400w, https:\/\/k2info.w.uib.no\/files\/2019\/02\/picture-307457-1511341828-240x300.jpg 240w\" sizes=\"auto, (max-width: 285px) 100vw, 285px\" \/><\/a><\/p>\n<p>Burhan began as a substitute in the fall of 2018 as senior executive in the finance department of K2. Now we can finally present him as a permanent employee at the department in the same position.<\/p>\n<p>K2 welcomes him as a permanent adition to the administration team.<\/p>\n<p>If you want to\u00a0 contact Burhan he can be found at the 8th floor in the lab building or by mail: <a href=\"mailto:burhan.limdiawala@uib.no\">burhan.limdiawala@uib.no\u00a0<\/a>[:]<\/p>\n","protected":false},"excerpt":{"rendered":"<p>[:no] Burhan begynte som vikar i h\u00f8st 2018 som f\u00f8rstekonsulent i \u00f8konomi avdelingen til K2. N\u00e5 kan vi endelig presentere han som en fast ansatt p\u00e5 instituttet i samme stilling. K2 \u00f8nsker han velkommen som fast ansatt i administrasjonen. \u00d8nsker&hellip;<\/p>\n<p class=\"more-link-p\"><a class=\"more-link\" href=\"https:\/\/k2info.w.uib.no\/en\/2019\/02\/21\/nytt-om-navn-64\/\">Read more &rarr;<\/a><\/p>\n","protected":false},"author":3656,"featured_media":0,"comment_status":"open","ping_status":"open","sticky":false,"template":"","format":"standard","meta":{"footnotes":""},"categories":[44,65036],"tags":[],"class_list":["post-15674","post","type-post","status-publish","format-standard","hentry","category-nyheter","category-nytt-om-navn"],"_links":{"self":[{"href":"https:\/\/k2info.w.uib.no\/en\/wp-json\/wp\/v2\/posts\/15674","targetHints":{"allow":["GET"]}}],"collection":[{"href":"https:\/\/k2info.w.uib.no\/en\/wp-json\/wp\/v2\/posts"}],"about":[{"href":"https:\/\/k2info.w.uib.no\/en\/wp-json\/wp\/v2\/types\/post"}],"author":[{"embeddable":true,"href":"https:\/\/k2info.w.uib.no\/en\/wp-json\/wp\/v2\/users\/3656"}],"replies":[{"embeddable":true,"href":"https:\/\/k2info.w.uib.no\/en\/wp-json\/wp\/v2\/comments?post=15674"}],"version-history":[{"count":3,"href":"https:\/\/k2info.w.uib.no\/en\/wp-json\/wp\/v2\/posts\/15674\/revisions"}],"predecessor-version":[{"id":15684,"href":"https:\/\/k2info.w.uib.no\/en\/wp-json\/wp\/v2\/posts\/15674\/revisions\/15684"}],"wp:attachment":[{"href":"https:\/\/k2info.w.uib.no\/en\/wp-json\/wp\/v2\/media?parent=15674"}],"wp:term":[{"taxonomy":"category","embeddable":true,"href":"https:\/\/k2info.w.uib.no\/en\/wp-json\/wp\/v2\/categories?post=15674"},{"taxonomy":"post_tag","embeddable":true,"href":"https:\/\/k2info.w.uib.no\/en\/wp-json\/wp\/v2\/tags?post=15674"}],"curies":[{"name":"wp","href":"https:\/\/api.w.org\/{rel}","templated":true}]}}