{"id":14963,"date":"2018-11-09T10:54:49","date_gmt":"2018-11-09T09:54:49","guid":{"rendered":"http:\/\/k2info.w.uib.no\/?p=14963"},"modified":"2018-11-09T11:04:39","modified_gmt":"2018-11-09T10:04:39","slug":"kmd-med-sant","status":"publish","type":"post","link":"https:\/\/k2info.w.uib.no\/en\/2018\/11\/09\/kmd-med-sant\/","title":{"rendered":"[:no]KMD + MED = SANT?[:en](Norwegian) KMD + MED = SANT?[:]"},"content":{"rendered":"<p><b>Fagseminar\/bli kjent-seminar<\/b><strong>\u00a0for\u00a0<\/strong><strong>Medisinsk fakultet &amp; Fakultet kunst, musikk og design<br \/>\n<\/strong><strong>Time:\u00a0<\/strong>Torsdag 15. november 2018 kl. 10.00 \u2013 13.00 (inkludert lunsj)<br \/>\n<strong>Place:\u00a0<\/strong>Knut Knaus, M\u00f8llendalsveien 61 (Nybygget til KMD)<\/p>\n<p><strong>Spr\u00e5k:\u00a0<\/strong>Prim\u00e6rt engelsk<\/p>\n<p><strong>M\u00e5lgruppe: Prim\u00e6rt forskere\/prosjektledere, ledelse og instituttledere, forskningsutvalg.<br \/>\n<\/strong>\u00c5pent for alle interesserte faglig ansatte og stipendiater ved begge fakultet.<\/p>\n<p><strong>Theme\u00a0<\/strong>Samarbeidsomr\u00e5der som aldring, demens, musikkterapi, design, andre<strong><br \/>\n10.00 \u2013 10.10<\/strong> Velkomst\/innledning ved dekanene Frode Thorsen og Per Bakke<br \/>\n<strong>10.10 \u2013 10.20<\/strong>\u00a0Christine Hansen\u00a0<a href=\"http:\/\/christinehansen.no\/work\/stovkrystaller1\">utstillingen \u2018St\u00f8vkrystaller<\/a>&#8211; en utstilling om demens og Alzheimers\u2019 og det kommende prosjektet med Haraldsplass om brukerutstyrt kunstsamling.<br \/>\n<strong>10.20 \u2013 10.30<\/strong> Bettina Huseb\u00f8 &#8211;\u00a0<a href=\"https:\/\/www.uib.no\/sefas\">Senter for alders og sykehjemsmedisin<\/a>: Blue Zone and Living Lab<br \/>\n<strong>10.30 \u2013 10.40<\/strong> <a href=\"https:\/\/kmd.uib.no\/no\/profiler\/forskningsprofiler\/eamon-o-kane\">Eamon O\u2019Kane:<\/a>\u00a0<a href=\"https:\/\/thenapkinprojectblog.wordpress.com\/background\/\">The Napkin Project<\/a><br \/>\n<strong>10.40 \u2013 10.50<\/strong> Tarig Osman og Anne Bremer: Engaging the public in cancer research through art<br \/>\n<strong>10.50 \u2013 11.00<\/strong> Pause<br \/>\n<strong>11.00 \u2013 11.10<\/strong> Jill Halstead og Brandon LaBelle:\u00a0<a href=\"https:\/\/kmd.uib.no\/no\/aktuelt\/nyheter\/midler-til-tverrfaglig-forskning-ved-kmd\">Social Acoustics-prosjektet.<\/a><br \/>\n<strong>11.10 \u2013 11.20<\/strong> Siri Kvalheim: <a href=\"https:\/\/www.facebook.com\/dennorsketannlegeforening\/posts\/vi-heier-p%C3%A5-siri-flagestad-kvalheim-i-kveldens-delfinale-av-forsker-grand-prix-i\/1160305260802172\/\">prosjektet\u00abMunnstell hos alvorlig syke og d\u00f8ende pasienter\u00bb<\/a><br \/>\n<strong>11.20 \u2013 11.30<\/strong> KMD kommer, sanselig arkitektur<br \/>\n<strong>11.30 \u2013 11.50<\/strong> Emmet Mc Cormack, Klinisk institutt 2 og Hege A Dale, Institutt for biomedisin: <a href=\"https:\/\/www.uib.no\/en\/rg\/mic\">imagingplatformen (MIC)<\/a><br \/>\n<strong>11.50 \u2013 12.30<\/strong> Lunsj med tid til samtale<br \/>\n<strong>12.30 \u2013 12.40<\/strong> Mette L\u2019Orange \u2013 farge\/samarbeid med R\u00f8de Kors og Gullst\u00f8ltunet<br \/>\n<strong>12.40 \u2013 12.50<\/strong> Henriette C Erts\u00e5s, K1 &#8211; Science communication through theatre:\u00a0Meet the\u00a0cancer cell\u2026<br \/>\n<strong>12.50 \u2013 13.00<\/strong> \u2013 Avsluttende diskusjon i plenum<\/p>","protected":false},"excerpt":{"rendered":"<p>Fagseminar\/bli kjent-seminar\u00a0for\u00a0Medisinsk fakultet &amp; Fakultet kunst, musikk og design Tid:\u00a0Torsdag 15. november 2018 kl. 10.00 \u2013 13.00 (inkludert lunsj) Sted:\u00a0Knut Knaus, M\u00f8llendalsveien 61 (Nybygget til KMD) Spr\u00e5k:\u00a0Prim\u00e6rt engelsk M\u00e5lgruppe: Prim\u00e6rt forskere\/prosjektledere, ledelse og instituttledere, forskningsutvalg. \u00c5pent for alle interesserte faglig&hellip;<\/p>\n<p class=\"more-link-p\"><a class=\"more-link\" href=\"https:\/\/k2info.w.uib.no\/en\/2018\/11\/09\/kmd-med-sant\/\">Read more &rarr;<\/a><\/p>","protected":false},"author":4186,"featured_media":0,"comment_status":"open","ping_status":"open","sticky":false,"template":"","format":"standard","meta":{"footnotes":""},"categories":[44,45498],"tags":[],"class_list":["post-14963","post","type-post","status-publish","format-standard","hentry","category-nyheter","category-seminar-kurs-og-konferanser"],"_links":{"self":[{"href":"https:\/\/k2info.w.uib.no\/en\/wp-json\/wp\/v2\/posts\/14963","targetHints":{"allow":["GET"]}}],"collection":[{"href":"https:\/\/k2info.w.uib.no\/en\/wp-json\/wp\/v2\/posts"}],"about":[{"href":"https:\/\/k2info.w.uib.no\/en\/wp-json\/wp\/v2\/types\/post"}],"author":[{"embeddable":true,"href":"https:\/\/k2info.w.uib.no\/en\/wp-json\/wp\/v2\/users\/4186"}],"replies":[{"embeddable":true,"href":"https:\/\/k2info.w.uib.no\/en\/wp-json\/wp\/v2\/comments?post=14963"}],"version-history":[{"count":5,"href":"https:\/\/k2info.w.uib.no\/en\/wp-json\/wp\/v2\/posts\/14963\/revisions"}],"predecessor-version":[{"id":14981,"href":"https:\/\/k2info.w.uib.no\/en\/wp-json\/wp\/v2\/posts\/14963\/revisions\/14981"}],"wp:attachment":[{"href":"https:\/\/k2info.w.uib.no\/en\/wp-json\/wp\/v2\/media?parent=14963"}],"wp:term":[{"taxonomy":"category","embeddable":true,"href":"https:\/\/k2info.w.uib.no\/en\/wp-json\/wp\/v2\/categories?post=14963"},{"taxonomy":"post_tag","embeddable":true,"href":"https:\/\/k2info.w.uib.no\/en\/wp-json\/wp\/v2\/tags?post=14963"}],"curies":[{"name":"wp","href":"https:\/\/api.w.org\/{rel}","templated":true}]}}