{"id":13616,"date":"2018-08-16T13:35:18","date_gmt":"2018-08-16T12:35:18","guid":{"rendered":"http:\/\/k2info.w.uib.no\/?p=13616"},"modified":"2023-03-21T09:43:51","modified_gmt":"2023-03-21T08:43:51","slug":"innmelding-av-behov-for-kontorplass-leseplass","status":"publish","type":"post","link":"https:\/\/k2info.w.uib.no\/en\/2018\/08\/16\/innmelding-av-behov-for-kontorplass-leseplass\/","title":{"rendered":"[:no]Innmelding av behov for kontorplass\/leseplass[:en]Enrollment of the need for office space[:]"},"content":{"rendered":"<p>[:no]<img loading=\"lazy\" decoding=\"async\" class=\"mainImage accessible nofocus alignleft\" title=\"Vis kildebilde\" src=\"http:\/\/www.toonpool.com\/user\/250\/files\/the_mobile_office_19575.jpg\" alt=\"Bilderesultat for kontor\" width=\"150\" height=\"199\" \/>For \u00e5 gj\u00f8re innmelding av behov for kontorplass\/leseplass enklere har vi opprettet et eget skjema\u00a0som skal sendes inn av hovedveileder\/forskningsgruppeleder. Du finner skjemaet\u00a0<a href=\"https:\/\/skjemaker.app.uib.no\/embed.php?id=4589114\"><strong>her<\/strong><\/a>.<\/p>\n<p>Husk \u00e5 sende inn i god tid f\u00f8r oppstart for den nyansatte!<\/p>\n<p>Det vises for \u00f8vrig til en tidligere leder fra Julie Stavnes vedr\u00f8rende <a href=\"https:\/\/k2info.w.uib.no\/2017\/10\/05\/siste-nytt-om-kontorsituasjonen-pa-k2\/\">kontorsituasjonen ved K2.<\/a><\/p>\n<p>&nbsp;[:en]<img loading=\"lazy\" decoding=\"async\" class=\"mainImage accessible nofocus alignleft\" title=\"Vis kildebilde\" src=\"http:\/\/www.toonpool.com\/user\/250\/files\/the_mobile_office_19575.jpg\" alt=\"Bilderesultat for kontor\" width=\"150\" height=\"199\" \/>To facilitate registration of the need for office space, we have created a separate form to be submitted by the main supervisor \/ research group leader. You can find the form <strong><a href=\"https:\/\/skjemaker.app.uib.no\/embed.php?id=4589114\">here<\/a>.\u00a0<\/strong>(Link in Norwegian.)<\/p>\n<p>We also refer to a former editorial by Julie Stavnes regarding <a href=\"https:\/\/k2info.w.uib.no\/2017\/10\/05\/siste-nytt-om-kontorsituasjonen-pa-k2\/\">the office situation at K2<\/a>.<\/p>\n<p>&nbsp;[:]<\/p>\n","protected":false},"excerpt":{"rendered":"<p>[:no]For \u00e5 gj\u00f8re innmelding av behov for kontorplass\/leseplass enklere har vi opprettet et eget skjema\u00a0som skal sendes inn av hovedveileder\/forskningsgruppeleder. Du finner skjemaet\u00a0her. Husk \u00e5 sende inn i god tid f\u00f8r oppstart for den nyansatte! Det vises for \u00f8vrig til&hellip;<\/p>\n<p class=\"more-link-p\"><a class=\"more-link\" href=\"https:\/\/k2info.w.uib.no\/en\/2018\/08\/16\/innmelding-av-behov-for-kontorplass-leseplass\/\">Read more &rarr;<\/a><\/p>\n","protected":false},"author":2783,"featured_media":0,"comment_status":"open","ping_status":"open","sticky":false,"template":"","format":"standard","meta":{"footnotes":""},"categories":[44],"tags":[],"class_list":["post-13616","post","type-post","status-publish","format-standard","hentry","category-nyheter"],"_links":{"self":[{"href":"https:\/\/k2info.w.uib.no\/en\/wp-json\/wp\/v2\/posts\/13616","targetHints":{"allow":["GET"]}}],"collection":[{"href":"https:\/\/k2info.w.uib.no\/en\/wp-json\/wp\/v2\/posts"}],"about":[{"href":"https:\/\/k2info.w.uib.no\/en\/wp-json\/wp\/v2\/types\/post"}],"author":[{"embeddable":true,"href":"https:\/\/k2info.w.uib.no\/en\/wp-json\/wp\/v2\/users\/2783"}],"replies":[{"embeddable":true,"href":"https:\/\/k2info.w.uib.no\/en\/wp-json\/wp\/v2\/comments?post=13616"}],"version-history":[{"count":7,"href":"https:\/\/k2info.w.uib.no\/en\/wp-json\/wp\/v2\/posts\/13616\/revisions"}],"predecessor-version":[{"id":14340,"href":"https:\/\/k2info.w.uib.no\/en\/wp-json\/wp\/v2\/posts\/13616\/revisions\/14340"}],"wp:attachment":[{"href":"https:\/\/k2info.w.uib.no\/en\/wp-json\/wp\/v2\/media?parent=13616"}],"wp:term":[{"taxonomy":"category","embeddable":true,"href":"https:\/\/k2info.w.uib.no\/en\/wp-json\/wp\/v2\/categories?post=13616"},{"taxonomy":"post_tag","embeddable":true,"href":"https:\/\/k2info.w.uib.no\/en\/wp-json\/wp\/v2\/tags?post=13616"}],"curies":[{"name":"wp","href":"https:\/\/api.w.org\/{rel}","templated":true}]}}