{"id":1240,"date":"2013-12-13T12:30:14","date_gmt":"2013-12-13T12:30:14","guid":{"rendered":"http:\/\/k2info.w.uib.no\/?p=1240"},"modified":"2014-02-05T09:22:44","modified_gmt":"2014-02-05T09:22:44","slug":"ukens-leder","status":"publish","type":"post","link":"https:\/\/k2info.w.uib.no\/en\/2013\/12\/13\/ukens-leder\/","title":{"rendered":"<!--:no-->Leader of the week<!--:--><!--:en-->This week&#8217;s editorial<!--:-->"},"content":{"rendered":"<p><!--:no--><a href=\"http:\/\/k2info.w.uib.no\/en\/files\/2013\/12\/Per-Bakke-.jpg\/\"><img loading=\"lazy\" decoding=\"async\" class=\"alignleft size-full wp-image-1074\" alt=\"Per Bakke\" src=\"http:\/\/k2info.w.uib.no\/files\/2013\/12\/Per-Bakke-.jpg\" width=\"82\" height=\"103\" \/><\/a><\/p>\n<p>Forrige helg var vi vitne til en usedvanlig aktiv respons p\u00e5 K2Nytt fra mange hold p\u00e5 instituttet. Man kunne tenkt at det var innholdet i bladet som vekte debatt, men det var layouten.\u00a0 Kommentarene var innom kommunistaviser, og til og med Mao ble hentet frem og la de hundre blomster blomstre. Det er veldig bra at K2Nytt vekker engasjement, og flere av kommentarene var faktisk virkelig bra.<\/p>\n<p>N\u00e5r det gjelder layouten p\u00e5 avisen er det alts\u00e5 som Kristian har p\u00e5pekt, ikke uten videre mulig \u00e5 g\u00e5 tilbake til det gamle formatet fordi serveren hvor dette programmet l\u00e5, er stengt. Men de fleste er enige om at det trengs \u00e5 gj\u00f8res noe med layouten og K2-redaksjonen jobber med saken, s\u00e5 hold ut, hold ut.<\/p>\n<p>Ellers h\u00e5per jeg at folk vil v\u00e6re like ivrig med \u00e5 f\u00f8lge med p\u00e5 innholdet som innpakningen av stoffet i K2Nytt. Kommentarer tas helst i bladet (ja, man kan kommentere hver sak!) fremfor E-mailer til alle.<\/p>\n<p>Per<!--:--><!--:en--><a href=\"http:\/\/k2info.w.uib.no\/en\/files\/2013\/12\/Per-Bakke-.jpg\/\"><img loading=\"lazy\" decoding=\"async\" class=\"alignleft size-full wp-image-1074\" alt=\"Per Bakke\" src=\"http:\/\/k2info.w.uib.no\/files\/2013\/12\/Per-Bakke-.jpg\" width=\"82\" height=\"103\" \/><\/a><\/p>\n<p>Last weekend we witnessed an unusually active response to K2Nytt from many parts of the institute.\u00a0 You would think that it was the content of the newsletter which initiated a debate, but it was, in fact, the layout.\u00a0 The comments touched upon communist newspapers, and even Mao was brought up, and let the hundred flowers bloom.\u00a0\u00a0 It is very nice that K2Nytt engages people, and several of the comments were indeed very good.<\/p>\n<p>As for the layout of the newsletter it is, as Kristian pointed out, not just a simple matter of going back to the old format because the server on which this program was located, has been shut down.\u00a0 But most of us agree that they layout needs work, and the K2-group is working on this issue, so hold out, hold out.<\/p>\n<p>Otherwise I hope that people will be just as engaged in paying attention to the content, as the presentation, of the material in K2Nytt.\u00a0 Comments are most welcome in the newsletter itself (yes, you may comment on each issue!) instead of through E-mails to everyone.<\/p>\n<p>Per<!--:--><\/p>","protected":false},"excerpt":{"rendered":"<p>Forrige helg var vi vitne til en usedvanlig aktiv respons p\u00e5 K2Nytt fra mange hold p\u00e5 instituttet. Man kunne tenkt at det var innholdet i bladet som vekte debatt, men det var layouten.\u00a0 Kommentarene var innom kommunistaviser, og til og&hellip;<\/p>\n<p class=\"more-link-p\"><a class=\"more-link\" href=\"https:\/\/k2info.w.uib.no\/en\/2013\/12\/13\/ukens-leder\/\">Read more &rarr;<\/a><\/p>","protected":false},"author":2783,"featured_media":0,"comment_status":"open","ping_status":"open","sticky":false,"template":"","format":"standard","meta":{"footnotes":""},"categories":[44,39969],"tags":[],"class_list":["post-1240","post","type-post","status-publish","format-standard","hentry","category-nyheter","category-ukens-leder"],"_links":{"self":[{"href":"https:\/\/k2info.w.uib.no\/en\/wp-json\/wp\/v2\/posts\/1240","targetHints":{"allow":["GET"]}}],"collection":[{"href":"https:\/\/k2info.w.uib.no\/en\/wp-json\/wp\/v2\/posts"}],"about":[{"href":"https:\/\/k2info.w.uib.no\/en\/wp-json\/wp\/v2\/types\/post"}],"author":[{"embeddable":true,"href":"https:\/\/k2info.w.uib.no\/en\/wp-json\/wp\/v2\/users\/2783"}],"replies":[{"embeddable":true,"href":"https:\/\/k2info.w.uib.no\/en\/wp-json\/wp\/v2\/comments?post=1240"}],"version-history":[{"count":5,"href":"https:\/\/k2info.w.uib.no\/en\/wp-json\/wp\/v2\/posts\/1240\/revisions"}],"predecessor-version":[{"id":1272,"href":"https:\/\/k2info.w.uib.no\/en\/wp-json\/wp\/v2\/posts\/1240\/revisions\/1272"}],"wp:attachment":[{"href":"https:\/\/k2info.w.uib.no\/en\/wp-json\/wp\/v2\/media?parent=1240"}],"wp:term":[{"taxonomy":"category","embeddable":true,"href":"https:\/\/k2info.w.uib.no\/en\/wp-json\/wp\/v2\/categories?post=1240"},{"taxonomy":"post_tag","embeddable":true,"href":"https:\/\/k2info.w.uib.no\/en\/wp-json\/wp\/v2\/tags?post=1240"}],"curies":[{"name":"wp","href":"https:\/\/api.w.org\/{rel}","templated":true}]}}